{"id":867,"date":"2022-02-11T20:00:00","date_gmt":"2022-02-11T20:00:00","guid":{"rendered":"http:\/\/www.projektwrzesnia.pl\/wordpress\/867\/"},"modified":"2022-02-11T20:00:00","modified_gmt":"2022-02-11T20:00:00","slug":"jak-dziala-komunikacja-publiczna-w-srodzie-wielkopolskiej","status":"publish","type":"post","link":"https:\/\/www.projektwrzesnia.pl\/wordpress\/867\/","title":{"rendered":"Jak dzia\u0142a komunikacja publiczna w\u00a0\u015arodzie Wielkopolskiej?"},"content":{"rendered":"<p>Okoliczne miasta powiatowe mog\u0105 pochwali\u0107 si\u0119 do\u015bwiadczeniem w&nbsp;realizacji zada\u0144 publicznych o&nbsp;wiele wi\u0119kszym ni\u017c ma Wrze\u015bnia. Przyk\u0142adowo \u015aroda Wielkopolska posiada bardzo dobrze rozwini\u0119ty system transportu publicznego, dlatego postanowili\u015bmy przekona\u0107 si\u0119 z&nbsp;bliska, jak to funkcjonuje w&nbsp;mie\u015bcie podobnym do Wrze\u015bni.<\/p>\n<p>Wizyt\u0119 w&nbsp;\u015arodzie Wielkopolskiej zacz\u0119li\u015bmy od spotkania z&nbsp;burmistrzem Piotrem Mielochem. Wsp\u00f3lna dyskusja by\u0142a okazj\u0105 do zaznajomienia si\u0119 ze&nbsp;specyfik\u0105 tamtejszej komunikacji publicznej. W&nbsp;\u015arodzie Wielkopolskiej funkcjonuje obecnie ponad dwadzie\u015bcia linii autobusowych, kt\u00f3re kursuj\u0105 zar\u00f3wno w&nbsp;samym mie\u015bcie, jak i&nbsp;na wsi. Operatorem ca\u0142ego publicznego transportu zbiorowego jest Kombus Sp. z&nbsp;o.o. K\u00f3rnickie Przedsi\u0119biorstwo Autobusowe, kt\u00f3re odpowiada za ca\u0142\u0105 logistyk\u0119 i&nbsp;tabor autobusowy. Warto wspomnie\u0107, \u017ce komunikacja w&nbsp;\u015arodzie Wielkopolskiej jest darmowa &#8211; pasa\u017cerowie nie p\u0142ac\u0105 za bilety bezpo\u015brednio &#8211; koszty s\u0105 natomiast pokrywane z&nbsp;bud\u017cetu miejskiego.<\/p>\n<p>Po spotkaniu w&nbsp;urz\u0119dzie udali\u015bmy si\u0119 na przystanek, aby przejecha\u0107 si\u0119 jedn\u0105 z&nbsp;linii miejskich. W&nbsp;czasie jazdy mieli\u015bmy okazj\u0119 porozmawia\u0107 z&nbsp;pasa\u017cerami, kt\u00f3rzy bardzo pozytywnie wypowiadali si\u0119 o&nbsp;komunikacji publicznej w&nbsp;\u015arodzie Wielkopolskiej. Niskopod\u0142ogowy autobus Solaris, kt\u00f3rym jechali\u015bmy, wyposa\u017cony by\u0142 we wszystkie udogodnienia, jakie wyst\u0119puj\u0105 w&nbsp;autobusach w&nbsp;du\u017cych miastach, w&nbsp;tym d\u017awi\u0119kowe informowanie o&nbsp;przystankach. Podr\u00f3\u017c by\u0142a przyjemna, a&nbsp;przy okazji mogli\u015bmy zobaczy\u0107 r\u00f3\u017cne zakamarki \u015arody Wielkopolskiej.<\/p>\n<p>Bez w\u0105tpienia rozw\u00f3j komunikacji publicznej jest przysz\u0142o\u015bci\u0105 dla naszych miast i&nbsp;gmin. Do\u015bwiadczenia \u015arody Wielkopolskiej mog\u0105 okaza\u0107 si\u0119 bardzo przydatne &ndash; i&nbsp;to r\u00f3wnie\u017c we Wrze\u015bni.&nbsp;<\/p>\n<figure class=\"is-layout-flex wp-block-gallery-1 wp-block-gallery has-nested-images columns-default is-cropped\">\n<figure class=\"wp-block-image\"><img loading=\"lazy\" decoding=\"async\" width=\"960\" height=\"720\" src=\"https:\/\/www.projektwrzesnia.pl\/wordpress\/wp-content\/uploads\/2023\/03\/20220211_sroda__11_.jpg\" alt=\"\" class=\"wp-image-108670\" srcset=\"https:\/\/www.projektwrzesnia.pl\/wordpress\/wp-content\/uploads\/2023\/03\/20220211_sroda__11_.jpg 960w, https:\/\/www.projektwrzesnia.pl\/wordpress\/wp-content\/uploads\/2023\/03\/20220211_sroda__11_-300x225.jpg 300w, https:\/\/www.projektwrzesnia.pl\/wordpress\/wp-content\/uploads\/2023\/03\/20220211_sroda__11_-768x576.jpg 768w\" sizes=\"auto, (max-width: 960px) 100vw, 960px\" \/><\/figure>\n<figure class=\"wp-block-image\"><img loading=\"lazy\" decoding=\"async\" width=\"960\" height=\"720\" src=\"https:\/\/www.projektwrzesnia.pl\/wordpress\/wp-content\/uploads\/2023\/03\/20220211_sroda__12_.jpg\" alt=\"\" class=\"wp-image-108671\" srcset=\"https:\/\/www.projektwrzesnia.pl\/wordpress\/wp-content\/uploads\/2023\/03\/20220211_sroda__12_.jpg 960w, https:\/\/www.projektwrzesnia.pl\/wordpress\/wp-content\/uploads\/2023\/03\/20220211_sroda__12_-300x225.jpg 300w, https:\/\/www.projektwrzesnia.pl\/wordpress\/wp-content\/uploads\/2023\/03\/20220211_sroda__12_-768x576.jpg 768w\" sizes=\"auto, (max-width: 960px) 100vw, 960px\" \/><\/figure>\n<figure class=\"wp-block-image\"><img loading=\"lazy\" decoding=\"async\" width=\"960\" height=\"720\" src=\"https:\/\/www.projektwrzesnia.pl\/wordpress\/wp-content\/uploads\/2023\/03\/20220211_sroda__13_.jpg\" alt=\"\" class=\"wp-image-108672\" srcset=\"https:\/\/www.projektwrzesnia.pl\/wordpress\/wp-content\/uploads\/2023\/03\/20220211_sroda__13_.jpg 960w, https:\/\/www.projektwrzesnia.pl\/wordpress\/wp-content\/uploads\/2023\/03\/20220211_sroda__13_-300x225.jpg 300w, https:\/\/www.projektwrzesnia.pl\/wordpress\/wp-content\/uploads\/2023\/03\/20220211_sroda__13_-768x576.jpg 768w\" sizes=\"auto, (max-width: 960px) 100vw, 960px\" \/><\/figure>\n<figure class=\"wp-block-image\"><img loading=\"lazy\" decoding=\"async\" width=\"960\" height=\"720\" src=\"https:\/\/www.projektwrzesnia.pl\/wordpress\/wp-content\/uploads\/2023\/03\/20220211_sroda__14_.jpg\" alt=\"\" class=\"wp-image-108673\" srcset=\"https:\/\/www.projektwrzesnia.pl\/wordpress\/wp-content\/uploads\/2023\/03\/20220211_sroda__14_.jpg 960w, https:\/\/www.projektwrzesnia.pl\/wordpress\/wp-content\/uploads\/2023\/03\/20220211_sroda__14_-300x225.jpg 300w, https:\/\/www.projektwrzesnia.pl\/wordpress\/wp-content\/uploads\/2023\/03\/20220211_sroda__14_-768x576.jpg 768w\" sizes=\"auto, (max-width: 960px) 100vw, 960px\" \/><\/figure>\n<figure class=\"wp-block-image\"><img loading=\"lazy\" decoding=\"async\" width=\"960\" height=\"720\" src=\"https:\/\/www.projektwrzesnia.pl\/wordpress\/wp-content\/uploads\/2023\/03\/20220211_sroda__15_.jpg\" alt=\"\" class=\"wp-image-108674\" srcset=\"https:\/\/www.projektwrzesnia.pl\/wordpress\/wp-content\/uploads\/2023\/03\/20220211_sroda__15_.jpg 960w, https:\/\/www.projektwrzesnia.pl\/wordpress\/wp-content\/uploads\/2023\/03\/20220211_sroda__15_-300x225.jpg 300w, https:\/\/www.projektwrzesnia.pl\/wordpress\/wp-content\/uploads\/2023\/03\/20220211_sroda__15_-768x576.jpg 768w\" sizes=\"auto, (max-width: 960px) 100vw, 960px\" \/><\/figure>\n<\/figure>\n","protected":false},"excerpt":{"rendered":"<p>Okoliczne miasta powiatowe mog\u0105 pochwali\u0107 si\u0119 do\u015bwiadczeniem w&nbsp;realizacji zada\u0144 publicznych o&nbsp;wiele wi\u0119kszym ni\u017c ma Wrze\u015bnia. Przyk\u0142adowo \u015aroda Wielkopolska posiada bardzo dobrze rozwini\u0119ty system transportu publicznego, dlatego postanowili\u015bmy przekona\u0107 si\u0119 z&nbsp;bliska, jak to funkcjonuje w&nbsp;mie\u015bcie podobnym do Wrze\u015bni. Wizyt\u0119 w&nbsp;\u015arodzie Wielkopolskiej zacz\u0119li\u015bmy od spotkania z&nbsp;burmistrzem Piotrem Mielochem. Wsp\u00f3lna dyskusja by\u0142a okazj\u0105 do zaznajomienia si\u0119 ze&nbsp;specyfik\u0105 tamtejszej [&hellip;]<\/p>\n","protected":false},"author":1,"featured_media":10867,"comment_status":"open","ping_status":"open","sticky":false,"template":"","format":"standard","meta":{"_acf_changed":false,"footnotes":""},"categories":[1],"tags":[],"class_list":["post-867","post","type-post","status-publish","format-standard","has-post-thumbnail","hentry","category-uncategorized"],"acf":[],"_links":{"self":[{"href":"https:\/\/www.projektwrzesnia.pl\/wordpress\/wp-json\/wp\/v2\/posts\/867","targetHints":{"allow":["GET"]}}],"collection":[{"href":"https:\/\/www.projektwrzesnia.pl\/wordpress\/wp-json\/wp\/v2\/posts"}],"about":[{"href":"https:\/\/www.projektwrzesnia.pl\/wordpress\/wp-json\/wp\/v2\/types\/post"}],"author":[{"embeddable":true,"href":"https:\/\/www.projektwrzesnia.pl\/wordpress\/wp-json\/wp\/v2\/users\/1"}],"replies":[{"embeddable":true,"href":"https:\/\/www.projektwrzesnia.pl\/wordpress\/wp-json\/wp\/v2\/comments?post=867"}],"version-history":[{"count":0,"href":"https:\/\/www.projektwrzesnia.pl\/wordpress\/wp-json\/wp\/v2\/posts\/867\/revisions"}],"wp:featuredmedia":[{"embeddable":true,"href":"https:\/\/www.projektwrzesnia.pl\/wordpress\/wp-json\/wp\/v2\/media\/10867"}],"wp:attachment":[{"href":"https:\/\/www.projektwrzesnia.pl\/wordpress\/wp-json\/wp\/v2\/media?parent=867"}],"wp:term":[{"taxonomy":"category","embeddable":true,"href":"https:\/\/www.projektwrzesnia.pl\/wordpress\/wp-json\/wp\/v2\/categories?post=867"},{"taxonomy":"post_tag","embeddable":true,"href":"https:\/\/www.projektwrzesnia.pl\/wordpress\/wp-json\/wp\/v2\/tags?post=867"}],"curies":[{"name":"wp","href":"https:\/\/api.w.org\/{rel}","templated":true}]}}