{"id":869,"date":"2022-02-15T20:00:00","date_gmt":"2022-02-15T20:00:00","guid":{"rendered":"http:\/\/www.projektwrzesnia.pl\/wordpress\/869\/"},"modified":"2022-02-15T20:00:00","modified_gmt":"2022-02-15T20:00:00","slug":"ekwiwalent-dla-osp-z-gminy-wrzesnia","status":"publish","type":"post","link":"https:\/\/www.projektwrzesnia.pl\/wordpress\/869\/","title":{"rendered":"Ekwiwalent dla OSP z\u00a0gminy Wrze\u015bnia"},"content":{"rendered":"<p>Pami\u0119tacie spraw\u0119 ekwiwalentu dla stra\u017cak\u00f3w OSP z&nbsp;gminy Wrze\u015bnia? W&nbsp;czasie ostatniej Sesji Rady Miejskiej sprawa ta by\u0142a mocno komentowana. <br \/>Burmistrz Wrze\u015bni wyst\u0105pi\u0142 w\u00f3wczas z&nbsp;propozycj\u0105 utrzymania stawek na dotychczasowym poziomie. Radni Projektu Wrze\u015bnia prosili o&nbsp;zwi\u0119kszenie ekwiwalentu, ale&nbsp;wi\u0119kszo\u015b\u0107 by\u0142a przeciw. Wi\u0119cej pisali\u015bmy <a href=\"http:\/\/www.projektwrzesnia.pl\/asp\/pl_start.asp?typ=13&amp;sub=23&amp;menu=83&amp;dzialy=83&amp;akcja=artykul&amp;artykul=864\" target=\"_blank\" rel=\"noopener\"><strong>tutaj<\/strong><\/a>. W&nbsp;efekcie stawki pozosta\u0142y na&nbsp;dotychczasowym poziomie &#8211; za akcje ratownicze ekwiwalent w&nbsp;wysoko\u015bci 15&nbsp;z\u0142\/h, a&nbsp;za szkolenia 10 z\u0142\/h.<\/p>\n<p>Pod koniec zesz\u0142ego tygodnia z\u0142o\u017cyli\u015bmy projekt uchwa\u0142y, kt\u00f3ry przewiduje zwi\u0119kszenie stawek. Zak\u0142ada on, \u017ce ekwiwalent za akcje ratownicze wzro\u015bnie do&nbsp;25 z\u0142\/h, a&nbsp;za szkolenia do 15 z\u0142\/h. Oczywi\u015bcie to propozycja, kt\u00f3ra powinna zosta\u0107 przedyskutowana, ale bez w\u0105tpienia podwy\u017cki powinny obj\u0105\u0107 r\u00f3wnie\u017c stra\u017cak\u00f3w OSP.<\/p>\n<p>Mamy nadziej\u0119, \u017ce tym razem wi\u0119kszo\u015b\u0107 radnych poprze t\u0119 propozycj\u0119.<\/p>\n","protected":false},"excerpt":{"rendered":"<p>Pami\u0119tacie spraw\u0119 ekwiwalentu dla stra\u017cak\u00f3w OSP z&nbsp;gminy Wrze\u015bnia? W&nbsp;czasie ostatniej Sesji Rady Miejskiej sprawa ta by\u0142a mocno komentowana. Burmistrz Wrze\u015bni wyst\u0105pi\u0142 w\u00f3wczas z&nbsp;propozycj\u0105 utrzymania stawek na dotychczasowym poziomie. Radni Projektu Wrze\u015bnia prosili o&nbsp;zwi\u0119kszenie ekwiwalentu, ale&nbsp;wi\u0119kszo\u015b\u0107 by\u0142a przeciw. Wi\u0119cej pisali\u015bmy tutaj. W&nbsp;efekcie stawki pozosta\u0142y na&nbsp;dotychczasowym poziomie &#8211; za akcje ratownicze ekwiwalent w&nbsp;wysoko\u015bci 15&nbsp;z\u0142\/h, a&nbsp;za szkolenia 10 [&hellip;]<\/p>\n","protected":false},"author":1,"featured_media":10869,"comment_status":"open","ping_status":"open","sticky":false,"template":"","format":"standard","meta":{"_acf_changed":false,"footnotes":""},"categories":[15],"tags":[],"class_list":["post-869","post","type-post","status-publish","format-standard","has-post-thumbnail","hentry","category-15"],"acf":[],"_links":{"self":[{"href":"https:\/\/www.projektwrzesnia.pl\/wordpress\/wp-json\/wp\/v2\/posts\/869","targetHints":{"allow":["GET"]}}],"collection":[{"href":"https:\/\/www.projektwrzesnia.pl\/wordpress\/wp-json\/wp\/v2\/posts"}],"about":[{"href":"https:\/\/www.projektwrzesnia.pl\/wordpress\/wp-json\/wp\/v2\/types\/post"}],"author":[{"embeddable":true,"href":"https:\/\/www.projektwrzesnia.pl\/wordpress\/wp-json\/wp\/v2\/users\/1"}],"replies":[{"embeddable":true,"href":"https:\/\/www.projektwrzesnia.pl\/wordpress\/wp-json\/wp\/v2\/comments?post=869"}],"version-history":[{"count":0,"href":"https:\/\/www.projektwrzesnia.pl\/wordpress\/wp-json\/wp\/v2\/posts\/869\/revisions"}],"wp:featuredmedia":[{"embeddable":true,"href":"https:\/\/www.projektwrzesnia.pl\/wordpress\/wp-json\/wp\/v2\/media\/10869"}],"wp:attachment":[{"href":"https:\/\/www.projektwrzesnia.pl\/wordpress\/wp-json\/wp\/v2\/media?parent=869"}],"wp:term":[{"taxonomy":"category","embeddable":true,"href":"https:\/\/www.projektwrzesnia.pl\/wordpress\/wp-json\/wp\/v2\/categories?post=869"},{"taxonomy":"post_tag","embeddable":true,"href":"https:\/\/www.projektwrzesnia.pl\/wordpress\/wp-json\/wp\/v2\/tags?post=869"}],"curies":[{"name":"wp","href":"https:\/\/api.w.org\/{rel}","templated":true}]}}