{"id":872,"date":"2022-02-23T20:00:00","date_gmt":"2022-02-23T20:00:00","guid":{"rendered":"http:\/\/www.projektwrzesnia.pl\/wordpress\/872\/"},"modified":"2022-02-23T20:00:00","modified_gmt":"2022-02-23T20:00:00","slug":"krzyz-z-cmentarza-parafialnego-wpisany-do-rejestru-zabytkow","status":"publish","type":"post","link":"https:\/\/www.projektwrzesnia.pl\/wordpress\/872\/","title":{"rendered":"Krzy\u017c z\u00a0cmentarza parafialnego wpisany do rejestru zabytk\u00f3w"},"content":{"rendered":"<p>W kwietniu 2019 roku dosz\u0142o do zniszczenia krzy\u017ca z&nbsp;cmentarza parafialnego we Wrze\u015bni. By\u0142 to nieszcz\u0119\u015bliwy wypadek &ndash; krzy\u017c zosta\u0142 str\u0105cony przez cofaj\u0105ce auto jednej z&nbsp;firm kamieniarskich. W&nbsp;kilka dni po tym wydarzeniu Wielkopolski Wojew\u00f3dzki Konserwator Zabytk\u00f3w wszcz\u0105\u0142 post\u0119powanie administracyjne w&nbsp;sprawie wpisu do rejestru zabytk\u00f3w. Dnia 31 grudnia 2021 roku zako\u0144czono postepowanie i&nbsp;wpisano krzy\u017c do rejestru zabytk\u00f3w ruchomych. Decyzja <a href=\"http:\/\/www.projektwrzesnia.pl\/asp\/pliki\/PDFy\/20220221_wpis_decyzja.pdf\" target=\"_blank\" rel=\"noopener\"><strong>tutaj<\/strong><\/a>.&nbsp; &nbsp;<\/p>\n<p>Warto wspomnie\u0107, \u017ce krzy\u017c powsta\u0142 w&nbsp;1872 roku. Na cokole widniej\u0105 napisy: &#8222;J.K.J. 1\/10 1872&#8221; oraz poni\u017cej &#8222;Fund. J\u00f3zef Kalas. Jakubowski od 1812 profesor emeryt. Rodak z&nbsp;Kaczanowa&#8221;. Pomnik ten jest sygnowany &ndash; na jednej ze&nbsp;\u015bcian bocznych postumentu, w&nbsp;g\u00f3rnej jego cz\u0119\u015bci, umieszczono napis o&nbsp;autorze: &bdquo;Zamecki z&nbsp;Poznania fct&rdquo;.<\/p>\n<p>Wpisu do rejestru zabytk\u00f3w dokonano z&nbsp;uwagi na uzasadnion\u0105 obaw\u0119 zniszczenia zabytku. Dzi\u0119ki wpisowi mo\u017cliwa stanie si\u0119 ochrona prawna pomnika z&nbsp;figura ukrzy\u017cowanego Jezusa. Jak podkre\u015bli\u0142 Wielkopolski Wojew\u00f3dzki Konserwator Zabytk\u00f3w zabytek ten jest wa\u017cny i&nbsp;cenny dla lokalnego dziedzictwa kulturowego. Trzymamy kciuki za dalsze dzia\u0142ania w&nbsp;sprawie odnowienia krzy\u017ca.&nbsp;<\/p>\n<p><span class=\"tytul\">Inni pisz\u0105:<\/span><\/p>\n<div class=\"col-md-12 title\">\n<p><a href=\"https:\/\/wrzesnia.info.pl\/pl\/19_wiadomosci_z_regionu\/635_wrzesnia\/18370_jest-szansa-na-renowacje-krzyza-z-wrzesinskiego-cmentarza-parafialnego.html\" target=\"_blank\" rel=\"noopener\">Jest szansa na renowacj\u0119 krzy\u017ca z&nbsp;wrzesi\u0144skiego cmentarza parafialnego<\/a><\/p>\n<\/div>\n<p>&nbsp;<\/p>\n","protected":false},"excerpt":{"rendered":"<p>W kwietniu 2019 roku dosz\u0142o do zniszczenia krzy\u017ca z&nbsp;cmentarza parafialnego we Wrze\u015bni. By\u0142 to nieszcz\u0119\u015bliwy wypadek &ndash; krzy\u017c zosta\u0142 str\u0105cony przez cofaj\u0105ce auto jednej z&nbsp;firm kamieniarskich. W&nbsp;kilka dni po tym wydarzeniu Wielkopolski Wojew\u00f3dzki Konserwator Zabytk\u00f3w wszcz\u0105\u0142 post\u0119powanie administracyjne w&nbsp;sprawie wpisu do rejestru zabytk\u00f3w. Dnia 31 grudnia 2021 roku zako\u0144czono postepowanie i&nbsp;wpisano krzy\u017c do rejestru zabytk\u00f3w [&hellip;]<\/p>\n","protected":false},"author":1,"featured_media":10872,"comment_status":"open","ping_status":"open","sticky":false,"template":"","format":"standard","meta":{"_acf_changed":false,"footnotes":""},"categories":[27],"tags":[],"class_list":["post-872","post","type-post","status-publish","format-standard","has-post-thumbnail","hentry","category-27"],"acf":[],"_links":{"self":[{"href":"https:\/\/www.projektwrzesnia.pl\/wordpress\/wp-json\/wp\/v2\/posts\/872","targetHints":{"allow":["GET"]}}],"collection":[{"href":"https:\/\/www.projektwrzesnia.pl\/wordpress\/wp-json\/wp\/v2\/posts"}],"about":[{"href":"https:\/\/www.projektwrzesnia.pl\/wordpress\/wp-json\/wp\/v2\/types\/post"}],"author":[{"embeddable":true,"href":"https:\/\/www.projektwrzesnia.pl\/wordpress\/wp-json\/wp\/v2\/users\/1"}],"replies":[{"embeddable":true,"href":"https:\/\/www.projektwrzesnia.pl\/wordpress\/wp-json\/wp\/v2\/comments?post=872"}],"version-history":[{"count":0,"href":"https:\/\/www.projektwrzesnia.pl\/wordpress\/wp-json\/wp\/v2\/posts\/872\/revisions"}],"wp:featuredmedia":[{"embeddable":true,"href":"https:\/\/www.projektwrzesnia.pl\/wordpress\/wp-json\/wp\/v2\/media\/10872"}],"wp:attachment":[{"href":"https:\/\/www.projektwrzesnia.pl\/wordpress\/wp-json\/wp\/v2\/media?parent=872"}],"wp:term":[{"taxonomy":"category","embeddable":true,"href":"https:\/\/www.projektwrzesnia.pl\/wordpress\/wp-json\/wp\/v2\/categories?post=872"},{"taxonomy":"post_tag","embeddable":true,"href":"https:\/\/www.projektwrzesnia.pl\/wordpress\/wp-json\/wp\/v2\/tags?post=872"}],"curies":[{"name":"wp","href":"https:\/\/api.w.org\/{rel}","templated":true}]}}