{"id":876,"date":"2022-03-02T20:00:00","date_gmt":"2022-03-02T20:00:00","guid":{"rendered":"http:\/\/www.projektwrzesnia.pl\/wordpress\/876\/"},"modified":"2022-03-02T20:00:00","modified_gmt":"2022-03-02T20:00:00","slug":"wrzesnia-solidarna-z-ukraina","status":"publish","type":"post","link":"https:\/\/www.projektwrzesnia.pl\/wordpress\/876\/","title":{"rendered":"Wrze\u015bnia solidarna z\u00a0Ukrain\u0105"},"content":{"rendered":"<p>Atak Rosji na Ukrain\u0119 jest barbarzy\u0144stwem, o&nbsp;kt\u00f3rym nale\u017cy g\u0142o\u015bno m\u00f3wi\u0107. Trzeba te\u017c wykaza\u0107 si\u0119 jak najwi\u0119ksz\u0105 solidarno\u015bci\u0105 z&nbsp;naszymi ukrai\u0144skimi s\u0105siadami. M\u00f3wi\u0105c kr\u00f3tko, trzeba pomaga\u0107. Mieszka\u0144cy Wrze\u015bni w&nbsp;ostatnich dniach wykazuj\u0105 si\u0119 spor\u0105 inicjatyw\u0105 i&nbsp;zaanga\u017cowaniem. Sami r\u00f3wnie\u017c \u015bwiadczymy pomoc i&nbsp;zajmujemy si\u0119 rodzinami z&nbsp;Ukrainy. Trzeba podkre\u015bli\u0107, \u017ce pomoc b\u0119dzie musia\u0142a by\u0107 \u015bwiadczona systematycznie przez d\u0142u\u017cszy okres czasu, st\u0105d prosimy wszystkich o&nbsp;wytrwa\u0142o\u015b\u0107 i&nbsp;nie uleganie narracji antyukrai\u0144skiej.<\/p>\n<p>W tym trudnym czasie wyka\u017cmy si\u0119 solidarno\u015bci\u0105 i&nbsp;ofiarno\u015bci\u0105 dla naszych s\u0105siad\u00f3w z&nbsp;Ukrainy. Wrze\u015bnia wspiera Ukrain\u0119! \u0421\u043b\u0430\u0432\u0430 \u0423\u043a\u0440\u0430\u0457\u043d\u0456! \u0413\u0435\u0440\u043e\u044f\u043c \u0441\u043b\u0430\u0432\u0430!<\/p>\n<p>&nbsp;<\/p>\n<p>&nbsp;&nbsp;&nbsp;&nbsp;&nbsp;<\/p>\n<p><span class=\"tytul\">Inni pisz\u0105:<\/span><\/p>\n<p class=\"atomsArticleHead__title\" data-event-position-attr=\"atomsArticleHead__title\"><a href=\"https:\/\/wrzesnia.naszemiasto.pl\/wrzesnia-solidarna-z-ukraina-na-rynku-zgromadzili-sie\/ar\/c1-8700435\" target=\"_blank\" rel=\"noopener\">WRZE\u015aNIA SOLIDARNA Z&nbsp;UKRAIN\u0104 &#8211; na rynku zgromadzili si\u0119 mieszka\u0144cy z&nbsp;wymownymi transparentami [FOTO]<\/a><\/p>\n<p>&nbsp;<\/p>\n","protected":false},"excerpt":{"rendered":"<p>Atak Rosji na Ukrain\u0119 jest barbarzy\u0144stwem, o&nbsp;kt\u00f3rym nale\u017cy g\u0142o\u015bno m\u00f3wi\u0107. Trzeba te\u017c wykaza\u0107 si\u0119 jak najwi\u0119ksz\u0105 solidarno\u015bci\u0105 z&nbsp;naszymi ukrai\u0144skimi s\u0105siadami. M\u00f3wi\u0105c kr\u00f3tko, trzeba pomaga\u0107. Mieszka\u0144cy Wrze\u015bni w&nbsp;ostatnich dniach wykazuj\u0105 si\u0119 spor\u0105 inicjatyw\u0105 i&nbsp;zaanga\u017cowaniem. Sami r\u00f3wnie\u017c \u015bwiadczymy pomoc i&nbsp;zajmujemy si\u0119 rodzinami z&nbsp;Ukrainy. Trzeba podkre\u015bli\u0107, \u017ce pomoc b\u0119dzie musia\u0142a by\u0107 \u015bwiadczona systematycznie przez d\u0142u\u017cszy okres czasu, st\u0105d [&hellip;]<\/p>\n","protected":false},"author":1,"featured_media":10876,"comment_status":"open","ping_status":"open","sticky":false,"template":"","format":"standard","meta":{"_acf_changed":false,"footnotes":""},"categories":[1],"tags":[],"class_list":["post-876","post","type-post","status-publish","format-standard","has-post-thumbnail","hentry","category-uncategorized"],"acf":[],"_links":{"self":[{"href":"https:\/\/www.projektwrzesnia.pl\/wordpress\/wp-json\/wp\/v2\/posts\/876","targetHints":{"allow":["GET"]}}],"collection":[{"href":"https:\/\/www.projektwrzesnia.pl\/wordpress\/wp-json\/wp\/v2\/posts"}],"about":[{"href":"https:\/\/www.projektwrzesnia.pl\/wordpress\/wp-json\/wp\/v2\/types\/post"}],"author":[{"embeddable":true,"href":"https:\/\/www.projektwrzesnia.pl\/wordpress\/wp-json\/wp\/v2\/users\/1"}],"replies":[{"embeddable":true,"href":"https:\/\/www.projektwrzesnia.pl\/wordpress\/wp-json\/wp\/v2\/comments?post=876"}],"version-history":[{"count":0,"href":"https:\/\/www.projektwrzesnia.pl\/wordpress\/wp-json\/wp\/v2\/posts\/876\/revisions"}],"wp:featuredmedia":[{"embeddable":true,"href":"https:\/\/www.projektwrzesnia.pl\/wordpress\/wp-json\/wp\/v2\/media\/10876"}],"wp:attachment":[{"href":"https:\/\/www.projektwrzesnia.pl\/wordpress\/wp-json\/wp\/v2\/media?parent=876"}],"wp:term":[{"taxonomy":"category","embeddable":true,"href":"https:\/\/www.projektwrzesnia.pl\/wordpress\/wp-json\/wp\/v2\/categories?post=876"},{"taxonomy":"post_tag","embeddable":true,"href":"https:\/\/www.projektwrzesnia.pl\/wordpress\/wp-json\/wp\/v2\/tags?post=876"}],"curies":[{"name":"wp","href":"https:\/\/api.w.org\/{rel}","templated":true}]}}