{"id":883,"date":"2022-03-27T20:00:00","date_gmt":"2022-03-27T20:00:00","guid":{"rendered":"http:\/\/www.projektwrzesnia.pl\/wordpress\/883\/"},"modified":"2022-03-27T20:00:00","modified_gmt":"2022-03-27T20:00:00","slug":"narzedziownia-obywatelska-w-chwalibogowie","status":"publish","type":"post","link":"https:\/\/www.projektwrzesnia.pl\/wordpress\/883\/","title":{"rendered":"Narz\u0119dziownia obywatelska w\u00a0Chwalibogowie"},"content":{"rendered":"<p><a href=\"https:\/\/www.projektwrzesnia.pl\/wordpress\/wp-content\/uploads\/2023\/03\/20220327_komunikacja__1_.png\"><\/a>Wszyscy wiemy, jakim problemem w&nbsp;naszej okolicy jest brak komunikacji publicznej z&nbsp;prawdziwego zdarzenia. Dojazdy do szk\u00f3\u0142, pracy, lekarza czy urz\u0119du s\u0105 naprawd\u0119 trudne, gdy nie mo\u017cemy liczy\u0107 na w\u0142asny samoch\u00f3d, a&nbsp;do naszej miejscowo\u015bci nie dociera prawie \u017caden autobus.<\/p>\n<p>Warto wiedzie\u0107, jak to zmieni\u0107. W&nbsp;tym celu zapraszamy pa\u0144stwa na nasze spotkanie, w&nbsp;trakcie kt\u00f3rego porozmawiamy w&nbsp;lu\u017anej i&nbsp;przyjemnej atmosferze o&nbsp;tym, jakiej komunikacji publicznej potrzebujemy.<\/p>\n<p>W trakcie nasze spotkanie pos\u0142uchamy o&nbsp;r\u00f3\u017cnych pomys\u0142ach na rozwini\u0119cie komunikacji publicznej w&nbsp;naszej gminie oraz o&nbsp;tym, jak do problemu transportu publicznego podchodz\u0105 inne samorz\u0105dy.<\/p>\n<p>Najlepsze pomys\u0142y wpadaj\u0105 do g\u0142owy, gdy na stole jest co\u015b dobrego do przek\u0105szenia, dlatego przygotowali\u015bmy dla pa\u0144stwa r\u00f3wnie\u017c smaczny pocz\u0119stunek!<\/p>\n<p>Serdecznie zapraszamy!<\/p>\n<p>Projekt &bdquo;Narz\u0119dziownia obywatelska &ndash; czyli jak rozkr\u0119ci\u0107 wrzesi\u0144sk\u0105 wie\u015b&rdquo; jest realizowany przy wsparciu pochodz\u0105cym z&nbsp;Programu Aktywni Obywatele realizowanego z&nbsp;bud\u017cetu Funduszy EOG (Mechanizmu Finansowego Europejskiego Obszaru Gospodarczego).<\/p>\n<p>&nbsp;<\/p>\n","protected":false},"excerpt":{"rendered":"<p>Wszyscy wiemy, jakim problemem w&nbsp;naszej okolicy jest brak komunikacji publicznej z&nbsp;prawdziwego zdarzenia. Dojazdy do szk\u00f3\u0142, pracy, lekarza czy urz\u0119du s\u0105 naprawd\u0119 trudne, gdy nie mo\u017cemy liczy\u0107 na w\u0142asny samoch\u00f3d, a&nbsp;do naszej miejscowo\u015bci nie dociera prawie \u017caden autobus. Warto wiedzie\u0107, jak to zmieni\u0107. W&nbsp;tym celu zapraszamy pa\u0144stwa na nasze spotkanie, w&nbsp;trakcie kt\u00f3rego porozmawiamy w&nbsp;lu\u017anej i&nbsp;przyjemnej atmosferze [&hellip;]<\/p>\n","protected":false},"author":1,"featured_media":10100469,"comment_status":"open","ping_status":"open","sticky":false,"template":"","format":"standard","meta":{"_acf_changed":false,"footnotes":""},"categories":[7],"tags":[],"class_list":["post-883","post","type-post","status-publish","format-standard","has-post-thumbnail","hentry","category-7"],"acf":[],"_links":{"self":[{"href":"https:\/\/www.projektwrzesnia.pl\/wordpress\/wp-json\/wp\/v2\/posts\/883","targetHints":{"allow":["GET"]}}],"collection":[{"href":"https:\/\/www.projektwrzesnia.pl\/wordpress\/wp-json\/wp\/v2\/posts"}],"about":[{"href":"https:\/\/www.projektwrzesnia.pl\/wordpress\/wp-json\/wp\/v2\/types\/post"}],"author":[{"embeddable":true,"href":"https:\/\/www.projektwrzesnia.pl\/wordpress\/wp-json\/wp\/v2\/users\/1"}],"replies":[{"embeddable":true,"href":"https:\/\/www.projektwrzesnia.pl\/wordpress\/wp-json\/wp\/v2\/comments?post=883"}],"version-history":[{"count":0,"href":"https:\/\/www.projektwrzesnia.pl\/wordpress\/wp-json\/wp\/v2\/posts\/883\/revisions"}],"wp:featuredmedia":[{"embeddable":true,"href":"https:\/\/www.projektwrzesnia.pl\/wordpress\/wp-json\/wp\/v2\/media\/10100469"}],"wp:attachment":[{"href":"https:\/\/www.projektwrzesnia.pl\/wordpress\/wp-json\/wp\/v2\/media?parent=883"}],"wp:term":[{"taxonomy":"category","embeddable":true,"href":"https:\/\/www.projektwrzesnia.pl\/wordpress\/wp-json\/wp\/v2\/categories?post=883"},{"taxonomy":"post_tag","embeddable":true,"href":"https:\/\/www.projektwrzesnia.pl\/wordpress\/wp-json\/wp\/v2\/tags?post=883"}],"curies":[{"name":"wp","href":"https:\/\/api.w.org\/{rel}","templated":true}]}}