{"id":902,"date":"2022-05-05T20:00:00","date_gmt":"2022-05-05T20:00:00","guid":{"rendered":"http:\/\/www.projektwrzesnia.pl\/wordpress\/902\/"},"modified":"2022-05-05T20:00:00","modified_gmt":"2022-05-05T20:00:00","slug":"postepy-w-sprawie-oznaczenie-cmentarzy-ewangelickich","status":"publish","type":"post","link":"https:\/\/www.projektwrzesnia.pl\/wordpress\/902\/","title":{"rendered":"Post\u0119py w\u00a0sprawie oznaczenie cmentarzy ewangelickich"},"content":{"rendered":"<p>W\u0142a\u015bciwe oznaczenie cmentarzy ewangelickich znajduj\u0105cych si\u0119 na terenie gminy Wrze\u015bni jest potrzebne ze&nbsp;wzgl\u0119du na szacunek dla spoczywaj\u0105cych tam os\u00f3b. Przypomnijmy, \u017ce na terenach wiejskich gminy znajduje si\u0119 osiem nieczynnych cmentarzy ewangelickich. S\u0105 one zlokalizowane w&nbsp;nast\u0119puj\u0105cych miejscowo\u015bciach: S\u0119dziwojewo, Bierzglin, Psary Wielkie, Psary Ma\u0142e, Grzybowo, Sobiesiernia, Ob\u0142aczkowo i&nbsp;Gonice. Z&nbsp;kolei cmentarz w&nbsp;W\u0119gierkach jest obecnie u\u017cytkowany przez tamtejsza parafi\u0119 rzymsko-katolick\u0105.<\/p>\n<p>W ostatnich dniach otrzymali\u015bmy informacj\u0119 z&nbsp;Urz\u0119du Miasta i&nbsp;Gminy we Wrze\u015bni, \u017ce&nbsp;gmina &bdquo;podejmie stosowne dzia\u0142ania w&nbsp;celu upami\u0119tnienia poch\u00f3wku wyznawc\u00f3w ko\u015bcio\u0142a ewangelickiego na terenie gminy&rdquo;. Na pewno takie oznaczenie przyda\u0142oby si\u0119 w&nbsp;Bierzglinie, Grzybowie, Sobiesierni, Psarach Wielkich, Psarach Ma\u0142ych i&nbsp;Ob\u0142aczkowie. Obecnie trwaj\u0105 prace nad takimi tablicami. Mamy nadziej\u0119, \u017ce niebawem wszystkie cmentarze b\u0119d\u0105 posiada\u0142y tablice kommemoratywne, a&nbsp;w&nbsp;dalszej kolejno\u015bci tablice informacyjne.&nbsp;<\/p>\n<p>Przypomnijmy, \u017ce w&nbsp;porz\u0105dkowanie cmentarzy ewangelickich znajduj\u0105cych si\u0119 na terenie gminy Wrze\u015bnia w\u0142\u0105czyli\u015bmy si\u0119 ponad dwa lata temu. Wielk\u0105 prac\u0119 w&nbsp;tym zakresie od 2016 roku wykonuje B\u0142a\u017cej \u015aniegowski.<\/p>\n<p>Wcze\u015bniej pisali\u015bmy o&nbsp;tym <a href=\"http:\/\/www.projektwrzesnia.pl\/asp\/pl_start.asp?typ=13&amp;menu=115&amp;artykul=850&amp;akcja=artykul\" target=\"_blank\" rel=\"noopener\"><strong>tutaj<\/strong><\/a>.<\/p>\n<p>&nbsp;<\/p>\n","protected":false},"excerpt":{"rendered":"<p>W\u0142a\u015bciwe oznaczenie cmentarzy ewangelickich znajduj\u0105cych si\u0119 na terenie gminy Wrze\u015bni jest potrzebne ze&nbsp;wzgl\u0119du na szacunek dla spoczywaj\u0105cych tam os\u00f3b. Przypomnijmy, \u017ce na terenach wiejskich gminy znajduje si\u0119 osiem nieczynnych cmentarzy ewangelickich. S\u0105 one zlokalizowane w&nbsp;nast\u0119puj\u0105cych miejscowo\u015bciach: S\u0119dziwojewo, Bierzglin, Psary Wielkie, Psary Ma\u0142e, Grzybowo, Sobiesiernia, Ob\u0142aczkowo i&nbsp;Gonice. Z&nbsp;kolei cmentarz w&nbsp;W\u0119gierkach jest obecnie u\u017cytkowany przez tamtejsza parafi\u0119 [&hellip;]<\/p>\n","protected":false},"author":1,"featured_media":10100449,"comment_status":"open","ping_status":"open","sticky":false,"template":"","format":"standard","meta":{"_acf_changed":false,"footnotes":""},"categories":[1],"tags":[],"class_list":["post-902","post","type-post","status-publish","format-standard","has-post-thumbnail","hentry","category-uncategorized"],"acf":[],"_links":{"self":[{"href":"https:\/\/www.projektwrzesnia.pl\/wordpress\/wp-json\/wp\/v2\/posts\/902","targetHints":{"allow":["GET"]}}],"collection":[{"href":"https:\/\/www.projektwrzesnia.pl\/wordpress\/wp-json\/wp\/v2\/posts"}],"about":[{"href":"https:\/\/www.projektwrzesnia.pl\/wordpress\/wp-json\/wp\/v2\/types\/post"}],"author":[{"embeddable":true,"href":"https:\/\/www.projektwrzesnia.pl\/wordpress\/wp-json\/wp\/v2\/users\/1"}],"replies":[{"embeddable":true,"href":"https:\/\/www.projektwrzesnia.pl\/wordpress\/wp-json\/wp\/v2\/comments?post=902"}],"version-history":[{"count":0,"href":"https:\/\/www.projektwrzesnia.pl\/wordpress\/wp-json\/wp\/v2\/posts\/902\/revisions"}],"wp:featuredmedia":[{"embeddable":true,"href":"https:\/\/www.projektwrzesnia.pl\/wordpress\/wp-json\/wp\/v2\/media\/10100449"}],"wp:attachment":[{"href":"https:\/\/www.projektwrzesnia.pl\/wordpress\/wp-json\/wp\/v2\/media?parent=902"}],"wp:term":[{"taxonomy":"category","embeddable":true,"href":"https:\/\/www.projektwrzesnia.pl\/wordpress\/wp-json\/wp\/v2\/categories?post=902"},{"taxonomy":"post_tag","embeddable":true,"href":"https:\/\/www.projektwrzesnia.pl\/wordpress\/wp-json\/wp\/v2\/tags?post=902"}],"curies":[{"name":"wp","href":"https:\/\/api.w.org\/{rel}","templated":true}]}}