{"id":903,"date":"2022-05-06T20:00:00","date_gmt":"2022-05-06T20:00:00","guid":{"rendered":"http:\/\/www.projektwrzesnia.pl\/wordpress\/903\/"},"modified":"2022-05-06T20:00:00","modified_gmt":"2022-05-06T20:00:00","slug":"sprawa-stanislawowa-na-sadowych-wokandach","status":"publish","type":"post","link":"https:\/\/www.projektwrzesnia.pl\/wordpress\/903\/","title":{"rendered":"Sprawa Stanis\u0142awowa na s\u0105dowych wokandach"},"content":{"rendered":"<p>Niedawno pisali\u015bmy o&nbsp;tym, \u017ce Minister Kultury i&nbsp;Dziedzictwa Narodowego, w&nbsp;imieniu kt\u00f3rego dzia\u0142a\u0142 Generalny Konserwator Zabytk\u00f3w, wyda\u0142 decyzj\u0119 utrzymuj\u0105c\u0105 w&nbsp;mocy wpis do rejestru zabytk\u00f3w parku i&nbsp;bramy parkowej w&nbsp;Stanis\u0142awowie. By\u0142 to efekt kilkuletnich post\u0119powa\u0144 administracyjnych, w&nbsp;trakcie kt\u00f3rych starali\u015bmy si\u0119 wykaza\u0107, \u017ce zabytki te warto obj\u0105\u0107 ochron\u0105 i&nbsp;zachowa\u0107 dla przysz\u0142ych pokole\u0144, chocia\u017cby ze&nbsp;wzgl\u0119du na trosk\u0119 o&nbsp;nasze narodowe dziedzictwo kulturowe i&nbsp;historyczne. Pisali\u015bmy o&nbsp;tym <a href=\"http:\/\/www.projektwrzesnia.pl\/asp\/pl_start.asp?typ=13&amp;sub=23&amp;menu=42&amp;dzialy=42&amp;akcja=artykul&amp;artykul=880\" target=\"_blank\" rel=\"noopener\"><strong>tutaj<\/strong><\/a>.<\/p>\n<p>Jak mo\u017cna by\u0142o si\u0119 spodziewa\u0107 w\u0142a\u015bciciel (Gospodarstwo Rolno-Hodowlane G\u0105siorek Sp\u00f3jka Jawna) nie zgodzi\u0142 si\u0119 z&nbsp;t\u0105 decyzj\u0105 i&nbsp;z\u0142o\u017cy\u0142 skarg\u0119. Do Ministerstwa Kultury i&nbsp;Dziedzictwa Narodowego skarga wp\u0142yn\u0119\u0142a 14 kwietnia. Teraz sprawa zostanie przekazana do Wojew\u00f3dzkiego S\u0105du Administracyjnego w&nbsp;Warszawie. Liczymy, \u017ce s\u0105d oddali skarg\u0119, dzi\u0119ki czemu zabytki te b\u0119d\u0105 dalej podlega\u0107 ochronie prawnej.<\/p>\n<p>Wa\u017cne rozstrzygni\u0119cie zapad\u0142o r\u00f3wnie\u017c w&nbsp;przedmiocie nielegalnej wycinki drzew w&nbsp;parku w&nbsp;Stanis\u0142awowie. Przypomnijmy, \u017ce decyzj\u0105 Samorz\u0105dowego Kolegium Odwo\u0142awczego w&nbsp;Poznaniu z&nbsp;30 czerwca 2021 roku, utrzymano w&nbsp;mocy decyzj\u0119 Burmistrza Miasta i&nbsp;Gminy Wrze\u015bnia z&nbsp;22 grudnia 2020 roku, tym samym nak\u0142adaj\u0105c na Gospodarstwo Rolno-Hodowlane G\u0105siorek Sp\u00f3jka Jawna kar\u0119 w&nbsp;wysoko\u015bci 260.723,93 z\u0142. Pisali\u015bmy o&nbsp;tym <a href=\"http:\/\/www.projektwrzesnia.pl\/asp\/pl_start.asp?typ=13&amp;menu=13&amp;artykul=776&amp;akcja=artykul\" target=\"_blank\" rel=\"noopener\"><strong>tutaj<\/strong><\/a>.<\/p>\n<p>Skarg\u0119 na decyzj\u0119 o&nbsp;karze z\u0142o\u017cy\u0142 w\u0142a\u015bciciel parku do Wojew\u00f3dzkiego S\u0105du Administracyjnego w&nbsp;Poznaniu. Wojew\u00f3dzki S\u0105d Administracyjny wyrokiem z&nbsp;dnia 19 stycznia 2022 roku oddali\u0142 skarg\u0119. Jednak wyrok ten nie ko\u0144czy ca\u0142ej sprawy, bo 11 kwietnia 2022 roku wp\u0142yn\u0119\u0142a do Wojew\u00f3dzkiego S\u0105du Administracyjnego w&nbsp;Poznaniu skarga kasacyjna, a&nbsp;tym samym spraw\u0119 b\u0119dzie ostatecznie rozstrzyga\u0142 Naczelny S\u0105d Administracyjny w&nbsp;Warszawie. Mamy nadziej\u0119, \u017ce wyrok zapadnie jak najszybciej.&nbsp;&nbsp;<\/p>\n","protected":false},"excerpt":{"rendered":"<p>Niedawno pisali\u015bmy o&nbsp;tym, \u017ce Minister Kultury i&nbsp;Dziedzictwa Narodowego, w&nbsp;imieniu kt\u00f3rego dzia\u0142a\u0142 Generalny Konserwator Zabytk\u00f3w, wyda\u0142 decyzj\u0119 utrzymuj\u0105c\u0105 w&nbsp;mocy wpis do rejestru zabytk\u00f3w parku i&nbsp;bramy parkowej w&nbsp;Stanis\u0142awowie. By\u0142 to efekt kilkuletnich post\u0119powa\u0144 administracyjnych, w&nbsp;trakcie kt\u00f3rych starali\u015bmy si\u0119 wykaza\u0107, \u017ce zabytki te warto obj\u0105\u0107 ochron\u0105 i&nbsp;zachowa\u0107 dla przysz\u0142ych pokole\u0144, chocia\u017cby ze&nbsp;wzgl\u0119du na trosk\u0119 o&nbsp;nasze narodowe dziedzictwo kulturowe [&hellip;]<\/p>\n","protected":false},"author":1,"featured_media":10100448,"comment_status":"open","ping_status":"open","sticky":false,"template":"","format":"standard","meta":{"_acf_changed":false,"footnotes":""},"categories":[27],"tags":[],"class_list":["post-903","post","type-post","status-publish","format-standard","has-post-thumbnail","hentry","category-27"],"acf":[],"_links":{"self":[{"href":"https:\/\/www.projektwrzesnia.pl\/wordpress\/wp-json\/wp\/v2\/posts\/903","targetHints":{"allow":["GET"]}}],"collection":[{"href":"https:\/\/www.projektwrzesnia.pl\/wordpress\/wp-json\/wp\/v2\/posts"}],"about":[{"href":"https:\/\/www.projektwrzesnia.pl\/wordpress\/wp-json\/wp\/v2\/types\/post"}],"author":[{"embeddable":true,"href":"https:\/\/www.projektwrzesnia.pl\/wordpress\/wp-json\/wp\/v2\/users\/1"}],"replies":[{"embeddable":true,"href":"https:\/\/www.projektwrzesnia.pl\/wordpress\/wp-json\/wp\/v2\/comments?post=903"}],"version-history":[{"count":0,"href":"https:\/\/www.projektwrzesnia.pl\/wordpress\/wp-json\/wp\/v2\/posts\/903\/revisions"}],"wp:featuredmedia":[{"embeddable":true,"href":"https:\/\/www.projektwrzesnia.pl\/wordpress\/wp-json\/wp\/v2\/media\/10100448"}],"wp:attachment":[{"href":"https:\/\/www.projektwrzesnia.pl\/wordpress\/wp-json\/wp\/v2\/media?parent=903"}],"wp:term":[{"taxonomy":"category","embeddable":true,"href":"https:\/\/www.projektwrzesnia.pl\/wordpress\/wp-json\/wp\/v2\/categories?post=903"},{"taxonomy":"post_tag","embeddable":true,"href":"https:\/\/www.projektwrzesnia.pl\/wordpress\/wp-json\/wp\/v2\/tags?post=903"}],"curies":[{"name":"wp","href":"https:\/\/api.w.org\/{rel}","templated":true}]}}