{"id":904,"date":"2022-05-09T20:00:00","date_gmt":"2022-05-09T20:00:00","guid":{"rendered":"http:\/\/www.projektwrzesnia.pl\/wordpress\/904\/"},"modified":"2023-03-10T11:54:19","modified_gmt":"2023-03-10T11:54:19","slug":"audyt-podatkow-od-zabytkowych-nieruchomosci-za-2021-rok","status":"publish","type":"post","link":"https:\/\/www.projektwrzesnia.pl\/wordpress\/904\/","title":{"rendered":"Audyt podatk\u00f3w od zabytkowych nieruchomo\u015bci (za 2021 rok)"},"content":{"rendered":"<p>Pa\u0144stwo coraz skuteczniej stara si\u0119 dba\u0107 o&nbsp;dziedzictwo kulturowe, w&nbsp;tym o&nbsp;najcenniejsze zabytkowe nieruchomo\u015bci, kt\u00f3re s\u0105 wpisane do rejestru zabytk\u00f3w. Jednym z&nbsp;element\u00f3w systemu ochrony i&nbsp;opieki nad zabytkami jest mo\u017cliwo\u015b\u0107 zwolnienia z&nbsp;p\u0142acenia podatku od zabytkowych nieruchomo\u015bci, ale podkre\u015blmy &#8211; <strong>tylko w&nbsp;stosunku do obiekt\u00f3w utrzymanych w&nbsp;dobrym stanie<\/strong>.<\/p>\n<p>Co roku sprawdzamy, jak wszystkie gminy powiatu wrzesi\u0144skiego oraz dla por\u00f3wnania gmina Strza\u0142kowo z&nbsp;powiatu s\u0142upeckiego, realizuj\u0105 mo\u017cliwo\u015b\u0107 zwolnie\u0144 podatkowych dla w\u0142a\u015bcicieli zabytkowych nieruchomo\u015bci. Tym razem to ju\u017c sz\u00f3sty z&nbsp;rz\u0119du audyt w&nbsp;tym temacie. Zesz\u0142oroczny mo\u017cna znale\u017a\u0107 <a href=\"http:\/\/www.projektwrzesnia.pl\/asp\/pl_start.asp?typ=13&amp;menu=42&amp;artykul=725&amp;akcja=artykul\" target=\"_blank\" rel=\"noopener\"><strong>tutaj<\/strong><\/a>.<\/p>\n<p>Warto zaznaczy\u0107, \u017ce prowadzone audyty doprowadzi\u0142y do polepszenia sytuacji zwi\u0105zanej ze&nbsp;\u015bci\u0105galno\u015bci\u0105 podatk\u00f3w, z&nbsp;kt\u00f3rych finansowane s\u0105 przecie\u017c inwestycje dla mieszka\u0144c\u00f3w. W&nbsp;zesz\u0142ym roku wzorcowo wypad\u0142a gmina Strza\u0142kowo. A&nbsp;jak wygl\u0105da to obecnie?<\/p>\n<p>W tym roku najlepiej wypad\u0142a gmina Mi\u0142os\u0142aw, kt\u00f3ra kontaktuje si\u0119 z&nbsp;konserwatorem zabytk\u00f3w i&nbsp;podejmuje dzia\u0142ania polegaj\u0105ce na ustaleniu stanu zachowania poszczeg\u00f3lnych zabytk\u00f3w. W&nbsp;gminie Wrze\u015bnia dzia\u0142a\u0144 wymaga park w&nbsp;Grzymys\u0142awicach oraz zesp\u00f3\u0142 pa\u0142acowy w&nbsp;Chwalibogowie. W&nbsp;gminie Ko\u0142aczkowo pojawiaj\u0105 si\u0119 problemy z&nbsp;parkiem i&nbsp;dworem w&nbsp;Grabowie Kr\u00f3lewskim i&nbsp;Borkowie oraz parkiem w&nbsp;Gorazdowie. Podobnie w&nbsp;gminie Strza\u0142kowo, kt\u00f3ra zwalnia z&nbsp;podatku zabytki, kt\u00f3re w&nbsp;dokumentach nie s\u0105 okre\u015blane jako utrzymane w&nbsp;dobrym stanie. W&nbsp;gminie Pyzdry zwolnione z&nbsp;podatk\u00f3w s\u0105 te same obiekty co rok wcze\u015bniej &#8211; tutaj nale\u017cy dokona\u0107 przegl\u0105du zasadno\u015bci zwolnie\u0144 oraz ewentualnego wsparcie w\u0142a\u015bcicieli dom\u00f3w mieszkalnych, a&nbsp;nadal &#8211; dodatkowo &#8211; wymagany jest kontakt i&nbsp;wsp\u00f3\u0142praca z&nbsp;konserwatorem zabytk\u00f3w. Z&nbsp;kolei bez zmian wygl\u0105da sytuacja w&nbsp;gminie Nekla \u2013 nadal wyja\u015bnienia wymaga kwestia zespo\u0142u pa\u0142acowego w&nbsp;Mystkach. Pomocny w&nbsp;tym zakresie by\u0142by kontakt z&nbsp;konserwatorem zabytk\u00f3w.<\/p>\n<p>Warto podkre\u015bli\u0107, \u017ce \u015bcis\u0142a wsp\u00f3\u0142praca z&nbsp;Wielkopolskim Wojew\u00f3dzkim Konserwatorem Zabytk\u00f3w mo\u017ce w&nbsp;przysz\u0142o\u015bci doprowadzi\u0107 do polepszenia sytuacji.<\/p>\n<p>Poni\u017cej przedstawiamy zestawienie zwolnie\u0144 od podatku od nieruchomo\u015bci dla zabytkowych obiekt\u00f3w, kt\u00f3re naszym zdaniem wymagaj\u0105 szczeg\u00f3\u0142owej weryfikacji zasadno\u015bci udzielenie im zwolnienia podatkowego:<\/p>\n<p><strong>Gmina Ko\u0142aczkowo:<\/strong><\/p>\n<p>&#8211; park i&nbsp;dw\u00f3r w&nbsp;Grabowie Kr\u00f3lewskim,<\/p>\n<p>&#8211; park i&nbsp;dw\u00f3r w&nbsp;Borkowie,<\/p>\n<p>&#8211; park w&nbsp;Gorazdowie.<\/p>\n<p><strong>Gmina Mi\u0142os\u0142aw:<\/strong><\/p>\n<p>&#8211; brak uwag.<\/p>\n<p><strong>Gmina Nekla<\/strong>:<\/p>\n<p>&#8211; zesp\u00f3\u0142 pa\u0142acowy w&nbsp;Mystkach.<\/p>\n<p><strong>Gmina Pyzdry:<\/strong><\/p>\n<p>&#8211; dw\u00f3r w&nbsp;Ratajach.<\/p>\n<p><strong>Gmina Strza\u0142kowo:<\/strong><\/p>\n<p>&#8211; park w&nbsp;Chwalibogowie,<\/p>\n<p>&#8211; park w&nbsp;Sk\u0105pym,<\/p>\n<p>&#8211; park w&nbsp;S\u0142omczycach.<\/p>\n<p>&nbsp;<strong>Gmina Wrze\u015bnia:<\/strong><\/p>\n<p>&#8211; park w&nbsp;Grzymys\u0142awicach,<\/p>\n<p>&#8211; zesp\u00f3\u0142 pa\u0142acowy w&nbsp;Chwalibogowie.<\/p>\n<p>Mamy nadziej\u0119, \u017ce za rok sytuacja b\u0119dzie wygl\u0105da\u0142a jeszcze lepiej. Zestawienie wszystkich nieruchomo\u015bci zwolnionych od podatk\u00f3w mo\u017cna znale\u017a\u0107 klikaj\u0105c poni\u017cej:<\/p>\n<p><a href=\"https:\/\/www.projektwrzesnia.pl\/wordpress\/wp-content\/uploads\/2023\/03\/20220506_gmina_wrzesnia.pdf\" target=\"_blank\" rel=\"noopener\">Gmina Wrze\u015bnia<\/a><br \/>\n<a href=\"http:\/\/www.projektwrzesnia.pl\/asp\/pliki\/PDFy\/20220506_gmina_nekla.pdf\" target=\"_blank\" rel=\"noopener\">Gmina Nekla<\/a><br \/>\n<a href=\"http:\/\/www.projektwrzesnia.pl\/asp\/pliki\/PDFy\/20220506_gmina_kolaczkowo.pdf\" target=\"_blank\" rel=\"noopener\">Gmina Ko\u0142aczkowo<\/a><br \/>\n<a href=\"http:\/\/www.projektwrzesnia.pl\/asp\/pliki\/PDFy\/20220506_gmina_strzalkowo.pdf\" target=\"_blank\" rel=\"noopener\">Gmina Strza\u0142kowo<\/a><br \/>\n<a href=\"http:\/\/www.projektwrzesnia.pl\/asp\/pliki\/PDFy\/20220506_gmina_miloslaw.pdf\" target=\"_blank\" rel=\"noopener\">Gmina Mi\u0142os\u0142aw<\/a><br \/>\n<a href=\"http:\/\/www.projektwrzesnia.pl\/asp\/pliki\/PDFy\/20220506_gmina_pyzdry.pdf\" target=\"_blank\" rel=\"noopener\">Gmina Pyzdry<\/a><\/p>\n","protected":false},"excerpt":{"rendered":"<p>Pa\u0144stwo coraz skuteczniej stara si\u0119 dba\u0107 o&nbsp;dziedzictwo kulturowe, w&nbsp;tym o&nbsp;najcenniejsze zabytkowe nieruchomo\u015bci, kt\u00f3re s\u0105 wpisane do rejestru zabytk\u00f3w. Jednym z&nbsp;element\u00f3w systemu ochrony i&nbsp;opieki nad zabytkami jest mo\u017cliwo\u015b\u0107 zwolnienia z&nbsp;p\u0142acenia podatku od zabytkowych nieruchomo\u015bci, ale podkre\u015blmy &#8211; tylko w&nbsp;stosunku do obiekt\u00f3w utrzymanych w&nbsp;dobrym stanie. Co roku sprawdzamy, jak wszystkie gminy powiatu wrzesi\u0144skiego oraz dla por\u00f3wnania gmina [&hellip;]<\/p>\n","protected":false},"author":1,"featured_media":10100490,"comment_status":"open","ping_status":"open","sticky":false,"template":"","format":"standard","meta":{"_acf_changed":false,"footnotes":""},"categories":[27],"tags":[],"class_list":["post-904","post","type-post","status-publish","format-standard","has-post-thumbnail","hentry","category-27"],"acf":[],"_links":{"self":[{"href":"https:\/\/www.projektwrzesnia.pl\/wordpress\/wp-json\/wp\/v2\/posts\/904","targetHints":{"allow":["GET"]}}],"collection":[{"href":"https:\/\/www.projektwrzesnia.pl\/wordpress\/wp-json\/wp\/v2\/posts"}],"about":[{"href":"https:\/\/www.projektwrzesnia.pl\/wordpress\/wp-json\/wp\/v2\/types\/post"}],"author":[{"embeddable":true,"href":"https:\/\/www.projektwrzesnia.pl\/wordpress\/wp-json\/wp\/v2\/users\/1"}],"replies":[{"embeddable":true,"href":"https:\/\/www.projektwrzesnia.pl\/wordpress\/wp-json\/wp\/v2\/comments?post=904"}],"version-history":[{"count":1,"href":"https:\/\/www.projektwrzesnia.pl\/wordpress\/wp-json\/wp\/v2\/posts\/904\/revisions"}],"predecessor-version":[{"id":10100491,"href":"https:\/\/www.projektwrzesnia.pl\/wordpress\/wp-json\/wp\/v2\/posts\/904\/revisions\/10100491"}],"wp:featuredmedia":[{"embeddable":true,"href":"https:\/\/www.projektwrzesnia.pl\/wordpress\/wp-json\/wp\/v2\/media\/10100490"}],"wp:attachment":[{"href":"https:\/\/www.projektwrzesnia.pl\/wordpress\/wp-json\/wp\/v2\/media?parent=904"}],"wp:term":[{"taxonomy":"category","embeddable":true,"href":"https:\/\/www.projektwrzesnia.pl\/wordpress\/wp-json\/wp\/v2\/categories?post=904"},{"taxonomy":"post_tag","embeddable":true,"href":"https:\/\/www.projektwrzesnia.pl\/wordpress\/wp-json\/wp\/v2\/tags?post=904"}],"curies":[{"name":"wp","href":"https:\/\/api.w.org\/{rel}","templated":true}]}}