{"id":907,"date":"2022-05-22T20:00:00","date_gmt":"2022-05-22T20:00:00","guid":{"rendered":"http:\/\/www.projektwrzesnia.pl\/wordpress\/907\/"},"modified":"2022-05-22T20:00:00","modified_gmt":"2022-05-22T20:00:00","slug":"drzewa-nad-zalewem-rezultaty-petycji","status":"publish","type":"post","link":"https:\/\/www.projektwrzesnia.pl\/wordpress\/907\/","title":{"rendered":"Drzewa nad Zalewem \u2013 rezultaty petycji"},"content":{"rendered":"<p>Uda\u0142o si\u0119! Znaczna cz\u0119\u015b\u0107 drzew rosn\u0105cych nad Zalewem unikn\u0119\u0142a wycinki! To efekt Waszych podpis\u00f3w pod petycj\u0105 o&nbsp;ich zachowanie. Rok temu blisko 2&nbsp;000 z&nbsp;Was wyrazi\u0142o ch\u0119\u0107 ich uratowania, a&nbsp;ju\u017c dzi\u015b po uko\u0144czeniu \u015bcie\u017cki po obu stronach Zalewu wida\u0107, \u017ce ratusz zmodyfikowa\u0142 swoje plany rozbudowy \u015bcie\u017cki i&nbsp;liczne drzewa zosta\u0142y oszcz\u0119dzone. Nale\u017c\u0105 si\u0119 Wam za to ogromne podzi\u0119kowania!<\/p>\n<p>Jak wida\u0107 w&nbsp;wielu miejscach da\u0142o si\u0119 pogodzi\u0107 \u015bcie\u017ck\u0119 z&nbsp;drzewami, o&nbsp;co apelowali\u015bmy od pocz\u0105tku. Wystarczy spojrze\u0107 na zdj\u0119cia, by zobaczy\u0107, \u017ce w&nbsp;tych kilku miejscach nie by\u0142o problemu pozostawi\u0107 \u015bcie\u017ck\u0119 w&nbsp;dotychczasowej szeroko\u015bci albo poszerzy\u0107 j\u0105 w&nbsp;mniejszym zakresie i&nbsp;nie wycina\u0107 drzew. Nie wszystkie uda\u0142o si\u0119 zachowa\u0107, ale i&nbsp;tak jest si\u0119 z&nbsp;czego cieszy\u0107.<\/p>\n<p>Przypomnijmy, \u017ce w&nbsp;zesz\u0142ym roku pojawi\u0142a si\u0119 informacja o&nbsp;planowanej rozbudowie \u015bcie\u017cki nad Zalewem Lip\u00f3wka. Niestety, jak si\u0119 p\u00f3\u017aniej dowiedzieli\u015bmy, przy samym poszerzeniu \u015bcie\u017cki Burmistrz planowa\u0142 wyci\u0105\u0107 61 drzew, w&nbsp;tym 26 z&nbsp;nich o&nbsp;obwodzie pnia przekraczaj\u0105cym 1 metr. Dlatego w&nbsp;marcu 2021 roku zainicjowali\u015bmy zbi\u00f3rk\u0119 podpis\u00f3w pod petycj\u0105 w&nbsp;ich obronie. Apelowali\u015bmy o&nbsp;takie poprowadzenie inwestycji, by \u015bcie\u017cka omija\u0142a rosn\u0105ce drzewa, a&nbsp;gdy nie jest to mo\u017cliwe o&nbsp;jej nieposzerzanie w&nbsp;zadrzewionych miejscach. Petycja spotka\u0142a si\u0119 z&nbsp;du\u017cym poparciem &ndash; podpisa\u0142o j\u0105 prawie dwa tysi\u0105ce os\u00f3b, w&nbsp;tym dziennikarz i&nbsp;obro\u0144ca przyrody Adam Wajrak, autor ksi\u0105\u017cki &bdquo;Betonoza&rdquo; Jan Mencwel oraz pos\u0142anka Paulina Hennig-Kloska.<\/p>\n<p>Ka\u017cde zachowane drzewo to wielka zas\u0142uga wszystkich mieszkan\u0301co\u0301w, kto\u0301rzy zabrali g\u0142os w&nbsp;tej sprawie. Nale\u017c\u0105 Wam si\u0119 przeogromne podzi\u0119kowania!<\/p>\n<p><a href=\"http:\/\/www.projektwrzesnia.pl\/asp\/pl_start.asp?typ=13&amp;menu=13&amp;artykul=868&amp;akcja=artykul\" target=\"_blank\" rel=\"noopener\"><span class=\"pytanie_do_wiecej\">Wcze\u015bniej pisali\u015bmy<\/span><\/a><\/p>\n<figure class=\"is-layout-flex wp-block-gallery-1 wp-block-gallery has-nested-images columns-default is-cropped\">\n<figure class=\"wp-block-image\"><img loading=\"lazy\" decoding=\"async\" width=\"960\" height=\"736\" src=\"https:\/\/www.projektwrzesnia.pl\/wordpress\/wp-content\/uploads\/2023\/03\/20220515_zalew__11_.jpg\" alt=\"\" class=\"wp-image-109070\" srcset=\"https:\/\/www.projektwrzesnia.pl\/wordpress\/wp-content\/uploads\/2023\/03\/20220515_zalew__11_.jpg 960w, https:\/\/www.projektwrzesnia.pl\/wordpress\/wp-content\/uploads\/2023\/03\/20220515_zalew__11_-300x230.jpg 300w, https:\/\/www.projektwrzesnia.pl\/wordpress\/wp-content\/uploads\/2023\/03\/20220515_zalew__11_-768x589.jpg 768w\" sizes=\"auto, (max-width: 960px) 100vw, 960px\" \/><\/figure>\n<figure class=\"wp-block-image\"><img loading=\"lazy\" decoding=\"async\" width=\"960\" height=\"720\" src=\"https:\/\/www.projektwrzesnia.pl\/wordpress\/wp-content\/uploads\/2023\/03\/20220515_zalew__12_.jpg\" alt=\"\" class=\"wp-image-109071\" srcset=\"https:\/\/www.projektwrzesnia.pl\/wordpress\/wp-content\/uploads\/2023\/03\/20220515_zalew__12_.jpg 960w, https:\/\/www.projektwrzesnia.pl\/wordpress\/wp-content\/uploads\/2023\/03\/20220515_zalew__12_-300x225.jpg 300w, https:\/\/www.projektwrzesnia.pl\/wordpress\/wp-content\/uploads\/2023\/03\/20220515_zalew__12_-768x576.jpg 768w\" sizes=\"auto, (max-width: 960px) 100vw, 960px\" \/><\/figure>\n<figure class=\"wp-block-image\"><img loading=\"lazy\" decoding=\"async\" width=\"960\" height=\"720\" src=\"https:\/\/www.projektwrzesnia.pl\/wordpress\/wp-content\/uploads\/2023\/03\/20220515_zalew__13_.jpg\" alt=\"\" class=\"wp-image-109072\" srcset=\"https:\/\/www.projektwrzesnia.pl\/wordpress\/wp-content\/uploads\/2023\/03\/20220515_zalew__13_.jpg 960w, https:\/\/www.projektwrzesnia.pl\/wordpress\/wp-content\/uploads\/2023\/03\/20220515_zalew__13_-300x225.jpg 300w, https:\/\/www.projektwrzesnia.pl\/wordpress\/wp-content\/uploads\/2023\/03\/20220515_zalew__13_-768x576.jpg 768w\" sizes=\"auto, (max-width: 960px) 100vw, 960px\" \/><\/figure>\n<figure class=\"wp-block-image\"><img loading=\"lazy\" decoding=\"async\" width=\"960\" height=\"720\" src=\"https:\/\/www.projektwrzesnia.pl\/wordpress\/wp-content\/uploads\/2023\/03\/20220515_zalew__14_.jpg\" alt=\"\" class=\"wp-image-109073\" srcset=\"https:\/\/www.projektwrzesnia.pl\/wordpress\/wp-content\/uploads\/2023\/03\/20220515_zalew__14_.jpg 960w, https:\/\/www.projektwrzesnia.pl\/wordpress\/wp-content\/uploads\/2023\/03\/20220515_zalew__14_-300x225.jpg 300w, https:\/\/www.projektwrzesnia.pl\/wordpress\/wp-content\/uploads\/2023\/03\/20220515_zalew__14_-768x576.jpg 768w\" sizes=\"auto, (max-width: 960px) 100vw, 960px\" \/><\/figure>\n<figure class=\"wp-block-image\"><img loading=\"lazy\" decoding=\"async\" width=\"960\" height=\"720\" src=\"https:\/\/www.projektwrzesnia.pl\/wordpress\/wp-content\/uploads\/2023\/03\/20220515_zalew__15_.jpg\" alt=\"\" class=\"wp-image-109074\" srcset=\"https:\/\/www.projektwrzesnia.pl\/wordpress\/wp-content\/uploads\/2023\/03\/20220515_zalew__15_.jpg 960w, https:\/\/www.projektwrzesnia.pl\/wordpress\/wp-content\/uploads\/2023\/03\/20220515_zalew__15_-300x225.jpg 300w, https:\/\/www.projektwrzesnia.pl\/wordpress\/wp-content\/uploads\/2023\/03\/20220515_zalew__15_-768x576.jpg 768w\" sizes=\"auto, (max-width: 960px) 100vw, 960px\" \/><\/figure>\n<figure class=\"wp-block-image\"><img loading=\"lazy\" decoding=\"async\" width=\"960\" height=\"720\" src=\"https:\/\/www.projektwrzesnia.pl\/wordpress\/wp-content\/uploads\/2023\/03\/20220515_zalew__16_.jpg\" alt=\"\" class=\"wp-image-109075\" srcset=\"https:\/\/www.projektwrzesnia.pl\/wordpress\/wp-content\/uploads\/2023\/03\/20220515_zalew__16_.jpg 960w, https:\/\/www.projektwrzesnia.pl\/wordpress\/wp-content\/uploads\/2023\/03\/20220515_zalew__16_-300x225.jpg 300w, https:\/\/www.projektwrzesnia.pl\/wordpress\/wp-content\/uploads\/2023\/03\/20220515_zalew__16_-768x576.jpg 768w\" sizes=\"auto, (max-width: 960px) 100vw, 960px\" \/><\/figure>\n<figure class=\"wp-block-image\"><img loading=\"lazy\" decoding=\"async\" width=\"960\" height=\"720\" src=\"https:\/\/www.projektwrzesnia.pl\/wordpress\/wp-content\/uploads\/2023\/03\/20220515_zalew__17_.jpg\" alt=\"\" class=\"wp-image-109076\" srcset=\"https:\/\/www.projektwrzesnia.pl\/wordpress\/wp-content\/uploads\/2023\/03\/20220515_zalew__17_.jpg 960w, https:\/\/www.projektwrzesnia.pl\/wordpress\/wp-content\/uploads\/2023\/03\/20220515_zalew__17_-300x225.jpg 300w, https:\/\/www.projektwrzesnia.pl\/wordpress\/wp-content\/uploads\/2023\/03\/20220515_zalew__17_-768x576.jpg 768w\" sizes=\"auto, (max-width: 960px) 100vw, 960px\" \/><\/figure>\n<figure class=\"wp-block-image\"><img loading=\"lazy\" decoding=\"async\" width=\"960\" height=\"720\" src=\"https:\/\/www.projektwrzesnia.pl\/wordpress\/wp-content\/uploads\/2023\/03\/20220515_zalew__18_.jpg\" alt=\"\" class=\"wp-image-109077\" srcset=\"https:\/\/www.projektwrzesnia.pl\/wordpress\/wp-content\/uploads\/2023\/03\/20220515_zalew__18_.jpg 960w, https:\/\/www.projektwrzesnia.pl\/wordpress\/wp-content\/uploads\/2023\/03\/20220515_zalew__18_-300x225.jpg 300w, https:\/\/www.projektwrzesnia.pl\/wordpress\/wp-content\/uploads\/2023\/03\/20220515_zalew__18_-768x576.jpg 768w\" sizes=\"auto, (max-width: 960px) 100vw, 960px\" \/><\/figure>\n<figure class=\"wp-block-image\"><img loading=\"lazy\" decoding=\"async\" width=\"960\" height=\"720\" src=\"https:\/\/www.projektwrzesnia.pl\/wordpress\/wp-content\/uploads\/2023\/03\/20220515_zalew__19_.jpg\" alt=\"\" class=\"wp-image-109078\" srcset=\"https:\/\/www.projektwrzesnia.pl\/wordpress\/wp-content\/uploads\/2023\/03\/20220515_zalew__19_.jpg 960w, https:\/\/www.projektwrzesnia.pl\/wordpress\/wp-content\/uploads\/2023\/03\/20220515_zalew__19_-300x225.jpg 300w, https:\/\/www.projektwrzesnia.pl\/wordpress\/wp-content\/uploads\/2023\/03\/20220515_zalew__19_-768x576.jpg 768w\" sizes=\"auto, (max-width: 960px) 100vw, 960px\" \/><\/figure>\n<figure class=\"wp-block-image\"><img loading=\"lazy\" decoding=\"async\" width=\"960\" height=\"720\" src=\"https:\/\/www.projektwrzesnia.pl\/wordpress\/wp-content\/uploads\/2023\/03\/20220515_zalew__20_.jpg\" alt=\"\" class=\"wp-image-109079\" srcset=\"https:\/\/www.projektwrzesnia.pl\/wordpress\/wp-content\/uploads\/2023\/03\/20220515_zalew__20_.jpg 960w, https:\/\/www.projektwrzesnia.pl\/wordpress\/wp-content\/uploads\/2023\/03\/20220515_zalew__20_-300x225.jpg 300w, https:\/\/www.projektwrzesnia.pl\/wordpress\/wp-content\/uploads\/2023\/03\/20220515_zalew__20_-768x576.jpg 768w\" sizes=\"auto, (max-width: 960px) 100vw, 960px\" \/><\/figure>\n<figure class=\"wp-block-image\"><img loading=\"lazy\" decoding=\"async\" width=\"960\" height=\"720\" src=\"https:\/\/www.projektwrzesnia.pl\/wordpress\/wp-content\/uploads\/2023\/03\/20220515_zalew__21_.jpg\" alt=\"\" class=\"wp-image-1090710\" srcset=\"https:\/\/www.projektwrzesnia.pl\/wordpress\/wp-content\/uploads\/2023\/03\/20220515_zalew__21_.jpg 960w, https:\/\/www.projektwrzesnia.pl\/wordpress\/wp-content\/uploads\/2023\/03\/20220515_zalew__21_-300x225.jpg 300w, https:\/\/www.projektwrzesnia.pl\/wordpress\/wp-content\/uploads\/2023\/03\/20220515_zalew__21_-768x576.jpg 768w\" sizes=\"auto, (max-width: 960px) 100vw, 960px\" \/><\/figure>\n<\/figure>\n","protected":false},"excerpt":{"rendered":"<p>Uda\u0142o si\u0119! Znaczna cz\u0119\u015b\u0107 drzew rosn\u0105cych nad Zalewem unikn\u0119\u0142a wycinki! To efekt Waszych podpis\u00f3w pod petycj\u0105 o&nbsp;ich zachowanie. Rok temu blisko 2&nbsp;000 z&nbsp;Was wyrazi\u0142o ch\u0119\u0107 ich uratowania, a&nbsp;ju\u017c dzi\u015b po uko\u0144czeniu \u015bcie\u017cki po obu stronach Zalewu wida\u0107, \u017ce ratusz zmodyfikowa\u0142 swoje plany rozbudowy \u015bcie\u017cki i&nbsp;liczne drzewa zosta\u0142y oszcz\u0119dzone. Nale\u017c\u0105 si\u0119 Wam za to ogromne podzi\u0119kowania! [&hellip;]<\/p>\n","protected":false},"author":1,"featured_media":10100444,"comment_status":"open","ping_status":"open","sticky":false,"template":"","format":"standard","meta":{"_acf_changed":false,"footnotes":""},"categories":[1],"tags":[],"class_list":["post-907","post","type-post","status-publish","format-standard","has-post-thumbnail","hentry","category-uncategorized"],"acf":[],"_links":{"self":[{"href":"https:\/\/www.projektwrzesnia.pl\/wordpress\/wp-json\/wp\/v2\/posts\/907","targetHints":{"allow":["GET"]}}],"collection":[{"href":"https:\/\/www.projektwrzesnia.pl\/wordpress\/wp-json\/wp\/v2\/posts"}],"about":[{"href":"https:\/\/www.projektwrzesnia.pl\/wordpress\/wp-json\/wp\/v2\/types\/post"}],"author":[{"embeddable":true,"href":"https:\/\/www.projektwrzesnia.pl\/wordpress\/wp-json\/wp\/v2\/users\/1"}],"replies":[{"embeddable":true,"href":"https:\/\/www.projektwrzesnia.pl\/wordpress\/wp-json\/wp\/v2\/comments?post=907"}],"version-history":[{"count":0,"href":"https:\/\/www.projektwrzesnia.pl\/wordpress\/wp-json\/wp\/v2\/posts\/907\/revisions"}],"wp:featuredmedia":[{"embeddable":true,"href":"https:\/\/www.projektwrzesnia.pl\/wordpress\/wp-json\/wp\/v2\/media\/10100444"}],"wp:attachment":[{"href":"https:\/\/www.projektwrzesnia.pl\/wordpress\/wp-json\/wp\/v2\/media?parent=907"}],"wp:term":[{"taxonomy":"category","embeddable":true,"href":"https:\/\/www.projektwrzesnia.pl\/wordpress\/wp-json\/wp\/v2\/categories?post=907"},{"taxonomy":"post_tag","embeddable":true,"href":"https:\/\/www.projektwrzesnia.pl\/wordpress\/wp-json\/wp\/v2\/tags?post=907"}],"curies":[{"name":"wp","href":"https:\/\/api.w.org\/{rel}","templated":true}]}}