{"id":917,"date":"2022-07-01T20:00:00","date_gmt":"2022-07-01T20:00:00","guid":{"rendered":"http:\/\/www.projektwrzesnia.pl\/wordpress\/917\/"},"modified":"2022-07-01T20:00:00","modified_gmt":"2022-07-01T20:00:00","slug":"xxxvi-sesja-rady-miejskiej-we-wrzesni","status":"publish","type":"post","link":"https:\/\/www.projektwrzesnia.pl\/wordpress\/917\/","title":{"rendered":"XXXVI Sesja Rady Miejskiej we Wrze\u015bni"},"content":{"rendered":"<\/p>\n<p>Wczoraj odby\u0142a si\u0119 XXXVI Sesja Rady Miejskiej we Wrze\u015bni. W&nbsp;jej trakcie omawiano i&nbsp;dyskutowano kwesti\u0119 stanu Miasta i&nbsp;Gminy Wrze\u015bnia. W&nbsp;naszej ocenie we Wrze\u015bni wci\u0105\u017c jest jeszcze wiele do zrobienia, zw\u0142aszcza przy rzetelnym por\u00f3wnaniu si\u0119 z&nbsp;innymi miastami (\u015aroda Wielkopolska, \u015arem, Jarocin, Gniezno). Na pewno poprawy wymagaj\u0105 drogi, komunikacja publiczna, \u0142ad przestrzenny, czy stan \u015brodowiska. Musi si\u0119 r\u00f3wnie\u017c zmieni\u0107 podej\u015bcie do potrzeb mieszka\u0144c\u00f3w &ndash; pomys\u0142y innych, w&nbsp;tym nasze, nie mog\u0105 by\u0107 z&nbsp;g\u00f3ry utr\u0105cane i&nbsp;blokowane. Mi\u0119dzy innymi z&nbsp;tych powod\u00f3w zdecydowali\u015bmy si\u0119 nie udzieli\u0107 wotum zaufania burmistrzowi. Konsekwentnie g\u0142osowali\u015bmy r\u00f3wnie\u017c przeciwko absolutorium.<\/p>\n<p>Poza powy\u017cszymi kwestiami na sesji obradowano nad 15 uchwa\u0142ami. Wi\u0119kszo\u015b\u0107 z&nbsp;nich to sprawy czysto formalne (przebieg dr\u00f3g, nadanie nazwy ulicom), ale cz\u0119\u015b\u0107 to kwestie istotne dla mieszka\u0144c\u00f3w. Warto tutaj wymieni\u0107 spraw\u0119 bud\u017cetu, w&nbsp;kt\u00f3rym znalaz\u0142y si\u0119 \u015brodki na: budow\u0119 drogi w&nbsp;obszarze ulicy 68. Pu\u0142ku Piechoty, budow\u0119 drogi w&nbsp;Gutowie Wielkim, budowa dr\u00f3g na Osiedlu Bohater\u00f3w Monte Cassino, napraw\u0119 \u015bcie\u017cek w&nbsp;Parku im. Dzieci Wrzesi\u0144skich, czy realizacj\u0119 o\u015bwietlenia w&nbsp;okolicy Zalewu Wrzesi\u0144skiego. W\u015br\u00f3d innych przeg\u0142osowanych znalaz\u0142a si\u0119 r\u00f3wnie\u017c uchwa\u0142a zwi\u0105zana z&nbsp;rozpisaniem wybor\u00f3w na so\u0142tysa so\u0142ectwa Chwalibogowo-Grzymys\u0142awice.<\/p>\n<p>Sporo emocji wzbudzi\u0142a uchwa\u0142a w&nbsp;sprawie przyj\u0119cia &bdquo;Strategii Rozwoju Miasta i&nbsp;Gminy Wrze\u015bnia na lata 2021&ndash; 2027&rdquo;. Wnie\u015bli\u015bmy, aby w&nbsp;strategii zapisa\u0107 potrzeb\u0119 stworzenia punktu wsparcia dla przedsi\u0119biorc\u00f3w, stworzenie nowego skateparku, rozwi\u0105zanie kwestii siedziby (komendy) dla OSP Wrze\u015bnia, czy potrzeby wsparcia zabytk\u00f3w znajduj\u0105cych si\u0119 w&nbsp;gminnej ewidencji. Wszystkie te sprawy przepad\u0142y g\u0142\u00f3wnie g\u0142osami radnych z&nbsp;Unii Wrze\u015bnia, PO i&nbsp;PiS.<\/p>\n<p>Ostatnia z&nbsp;uchwa\u0142 by\u0142a z&nbsp;naszej inicjatywy i&nbsp;dotyczy\u0142a przyst\u0105pienia do sporz\u0105dzenia zmiany miejscowego planu zagospodarowania przestrzennego dla teren\u00f3w pod budownictwo mieszkaniowe i&nbsp;us\u0142ugowe w&nbsp;rejonie ul. Szosa Witkowska i&nbsp;projektowanej obwodnicy drogi krajowej nr 15 we Wrze\u015bni, Gutowie Ma\u0142ym i&nbsp;Gutowie Wielkim. Chodzi o&nbsp;teren w&nbsp;okolicach ulicy Strzyka\u0142y i&nbsp;So\u0142tysiaka. Zgodnie z&nbsp;wol\u0105 wi\u0119kszo\u015bci w\u0142a\u015bcicieli chcieli\u015bmy, \u017ceby ten teren m\u00f3g\u0142 rozwija\u0107 si\u0119 w&nbsp;kierunku mieszkaniowym, st\u0105d poprosili\u015bmy o&nbsp;zapis umo\u017cliwiaj\u0105cy realizacj\u0119 w&nbsp;tamtym terenie budownictwa mieszkaniowego jednorodzinnego i&nbsp;wielorodzinnego (bloki). Niestety i&nbsp;tym razem radni z&nbsp;Unii Wrze\u015bnia, PO i&nbsp;PiS byli przeciw.<\/p>\n<p><span class=\"tytul\" data-mce-mark=\"1\">&nbsp;<\/span><\/p>\n<div class=\"col-md-12 title\">&nbsp;<\/div>\n","protected":false},"excerpt":{"rendered":"<p>Wczoraj odby\u0142a si\u0119 XXXVI Sesja Rady Miejskiej we Wrze\u015bni. W&nbsp;jej trakcie omawiano i&nbsp;dyskutowano kwesti\u0119 stanu Miasta i&nbsp;Gminy Wrze\u015bnia. W&nbsp;naszej ocenie we Wrze\u015bni wci\u0105\u017c jest jeszcze wiele do zrobienia, zw\u0142aszcza przy rzetelnym por\u00f3wnaniu si\u0119 z&nbsp;innymi miastami (\u015aroda Wielkopolska, \u015arem, Jarocin, Gniezno). Na pewno poprawy wymagaj\u0105 drogi, komunikacja publiczna, \u0142ad przestrzenny, czy stan \u015brodowiska. Musi si\u0119 r\u00f3wnie\u017c [&hellip;]<\/p>\n","protected":false},"author":1,"featured_media":10100437,"comment_status":"open","ping_status":"open","sticky":false,"template":"","format":"standard","meta":{"_acf_changed":false,"footnotes":""},"categories":[15],"tags":[],"class_list":["post-917","post","type-post","status-publish","format-standard","has-post-thumbnail","hentry","category-15"],"acf":[],"_links":{"self":[{"href":"https:\/\/www.projektwrzesnia.pl\/wordpress\/wp-json\/wp\/v2\/posts\/917","targetHints":{"allow":["GET"]}}],"collection":[{"href":"https:\/\/www.projektwrzesnia.pl\/wordpress\/wp-json\/wp\/v2\/posts"}],"about":[{"href":"https:\/\/www.projektwrzesnia.pl\/wordpress\/wp-json\/wp\/v2\/types\/post"}],"author":[{"embeddable":true,"href":"https:\/\/www.projektwrzesnia.pl\/wordpress\/wp-json\/wp\/v2\/users\/1"}],"replies":[{"embeddable":true,"href":"https:\/\/www.projektwrzesnia.pl\/wordpress\/wp-json\/wp\/v2\/comments?post=917"}],"version-history":[{"count":0,"href":"https:\/\/www.projektwrzesnia.pl\/wordpress\/wp-json\/wp\/v2\/posts\/917\/revisions"}],"wp:featuredmedia":[{"embeddable":true,"href":"https:\/\/www.projektwrzesnia.pl\/wordpress\/wp-json\/wp\/v2\/media\/10100437"}],"wp:attachment":[{"href":"https:\/\/www.projektwrzesnia.pl\/wordpress\/wp-json\/wp\/v2\/media?parent=917"}],"wp:term":[{"taxonomy":"category","embeddable":true,"href":"https:\/\/www.projektwrzesnia.pl\/wordpress\/wp-json\/wp\/v2\/categories?post=917"},{"taxonomy":"post_tag","embeddable":true,"href":"https:\/\/www.projektwrzesnia.pl\/wordpress\/wp-json\/wp\/v2\/tags?post=917"}],"curies":[{"name":"wp","href":"https:\/\/api.w.org\/{rel}","templated":true}]}}