{"id":978,"date":"2022-12-14T20:00:00","date_gmt":"2022-12-14T20:00:00","guid":{"rendered":"http:\/\/www.projektwrzesnia.pl\/wordpress\/978\/"},"modified":"2023-03-31T20:22:03","modified_gmt":"2023-03-31T20:22:03","slug":"ranking-gazety-rzeczpospolita","status":"publish","type":"post","link":"https:\/\/www.projektwrzesnia.pl\/wordpress\/978\/","title":{"rendered":"Ranking gazety &#8222;Rzeczpospolita&#8221;"},"content":{"rendered":"<p>Ranking Samorz\u0105d\u00f3w jest corocznym plebiscytem gazety &bdquo;Rzeczpospolita&rdquo;. W&nbsp;tym roku opublikowano zestawienie ju\u017c po raz osiemnasty. Na wynik w&nbsp;rankingu sk\u0142adaj\u0105 si\u0119 oceny dokona\u0144 miast i&nbsp;gmin pod k\u0105tem zr\u00f3wnowa\u017conego rozwoju, czyli dzia\u0142a\u0144 w&nbsp;takich obszarach jak: dba\u0142o\u015b\u0107 o&nbsp;mieszka\u0144c\u00f3w, dzia\u0142ania proekologiczne, przejrzysto\u015b\u0107 finans\u00f3w i&nbsp;profesjonalizm zarz\u0105dzania. Podstaw\u0105 wylicze\u0144 w&nbsp;wi\u0119kszo\u015bci s\u0105 dane udost\u0119pniane przez G\u0142\u00f3wny Urz\u0105d Statystyczny, cz\u0119\u015b\u0107 wska\u017anik opiera si\u0119 na informacjach podanych przez same samorz\u0105dy w&nbsp;specjalnej e-ankiecie. Wi\u0119cej mo\u017cna przeczyta\u0107 <a href=\"https:\/\/rankingi.rp.pl\/rankingsamorzadow\/2022\" target=\"_blank\" rel=\"noopener\"><strong>tutaj<\/strong><\/a>. <a href=\"https:\/\/rankingi.rp.pl\/rankingsamorzadow\/2022\"><br \/><\/a><\/p>\n<p>Metodologia rankingu pozwala corocznie wy\u0142oni\u0107 te samorz\u0105dy, kt\u00f3re najlepiej dbaj\u0105 o&nbsp;sw\u00f3j zr\u00f3wnowa\u017cony rozw\u00f3j. Jak w&nbsp;tym rankingu wypada Wrze\u015bnia i&nbsp;inne okoliczne samorz\u0105dy? Niestety Miasto i&nbsp;Gmina Wrze\u015bnia uplasowa\u0142a si\u0119 na 574. miejscu w\u015br\u00f3d gmin miejsko-wiejskich. Zdecydowanie lepiej wypad\u0142 inne okoliczne samorz\u0105dy: Jarocin (6. miejsce), Pleszew (14. miejsce), \u015arem (47. miejsce), Gniezno (265, miejsce), S\u0142upca (450. miejsce) i&nbsp;\u015aroda Wielkopolska (489. miejsce). Niestety w&nbsp;rankingu zr\u00f3wnowa\u017conego rozwoju jeste\u015bmy ostatni w\u015br\u00f3d okolicznych samorz\u0105d\u00f3w. Wyniki &#8211; przynajmniej cz\u0119\u015bciowo &#8211; koresponduj\u0105 z&nbsp;rezultatami osi\u0105gni\u0119tymi przez Wrze\u015bni\u0119 w&nbsp;dokumencie o&nbsp;nazwie &bdquo;Krajowa Polityka Miejska 2030&rdquo;. Pisali\u015bmy o&nbsp;tym <a href=\"http:\/\/www.projektwrzesnia.pl\/asp\/pl_start.asp?typ=13&amp;menu=13&amp;dzialy=13&amp;akcja=artykul&amp;artykul=945\" target=\"_blank\" rel=\"noopener\"><strong>tutaj<\/strong><\/a>.<\/p>\n<p>&nbsp;&nbsp;<img loading=\"lazy\" decoding=\"async\" style=\"vertical-align: top; margin-left: 20px; margin-right: 20px;\" title=\"- 20221213_ranking_tabela.jpg.jpg\" src=\"http:\/\/www.projektwrzesnia.pl\/asp\/pliki\/aktualnosci2017\/20221213_ranking_tabela.jpg.jpg\" alt=\"- 20221213_ranking_tabela.jpg.jpg\" width=\"747\" height=\"450\"><\/p>\n<p>&nbsp;<\/p>\n<p>&nbsp;<\/p>\n<p>&nbsp;<\/p>\n","protected":false},"excerpt":{"rendered":"<p>Ranking Samorz\u0105d\u00f3w jest corocznym plebiscytem gazety &bdquo;Rzeczpospolita&rdquo;. W&nbsp;tym roku opublikowano zestawienie ju\u017c po raz osiemnasty. Na wynik w&nbsp;rankingu sk\u0142adaj\u0105 si\u0119 oceny dokona\u0144 miast i&nbsp;gmin pod k\u0105tem zr\u00f3wnowa\u017conego rozwoju, czyli dzia\u0142a\u0144 w&nbsp;takich obszarach jak: dba\u0142o\u015b\u0107 o&nbsp;mieszka\u0144c\u00f3w, dzia\u0142ania proekologiczne, przejrzysto\u015b\u0107 finans\u00f3w i&nbsp;profesjonalizm zarz\u0105dzania. Podstaw\u0105 wylicze\u0144 w&nbsp;wi\u0119kszo\u015bci s\u0105 dane udost\u0119pniane przez G\u0142\u00f3wny Urz\u0105d Statystyczny, cz\u0119\u015b\u0107 wska\u017anik opiera si\u0119 [&hellip;]<\/p>\n","protected":false},"author":1,"featured_media":10978,"comment_status":"open","ping_status":"open","sticky":false,"template":"","format":"standard","meta":{"_acf_changed":false,"footnotes":""},"categories":[43],"tags":[],"class_list":["post-978","post","type-post","status-publish","format-standard","has-post-thumbnail","hentry","category-aktualnosci"],"acf":[],"_links":{"self":[{"href":"https:\/\/www.projektwrzesnia.pl\/wordpress\/wp-json\/wp\/v2\/posts\/978","targetHints":{"allow":["GET"]}}],"collection":[{"href":"https:\/\/www.projektwrzesnia.pl\/wordpress\/wp-json\/wp\/v2\/posts"}],"about":[{"href":"https:\/\/www.projektwrzesnia.pl\/wordpress\/wp-json\/wp\/v2\/types\/post"}],"author":[{"embeddable":true,"href":"https:\/\/www.projektwrzesnia.pl\/wordpress\/wp-json\/wp\/v2\/users\/1"}],"replies":[{"embeddable":true,"href":"https:\/\/www.projektwrzesnia.pl\/wordpress\/wp-json\/wp\/v2\/comments?post=978"}],"version-history":[{"count":1,"href":"https:\/\/www.projektwrzesnia.pl\/wordpress\/wp-json\/wp\/v2\/posts\/978\/revisions"}],"predecessor-version":[{"id":10100924,"href":"https:\/\/www.projektwrzesnia.pl\/wordpress\/wp-json\/wp\/v2\/posts\/978\/revisions\/10100924"}],"wp:featuredmedia":[{"embeddable":true,"href":"https:\/\/www.projektwrzesnia.pl\/wordpress\/wp-json\/wp\/v2\/media\/10978"}],"wp:attachment":[{"href":"https:\/\/www.projektwrzesnia.pl\/wordpress\/wp-json\/wp\/v2\/media?parent=978"}],"wp:term":[{"taxonomy":"category","embeddable":true,"href":"https:\/\/www.projektwrzesnia.pl\/wordpress\/wp-json\/wp\/v2\/categories?post=978"},{"taxonomy":"post_tag","embeddable":true,"href":"https:\/\/www.projektwrzesnia.pl\/wordpress\/wp-json\/wp\/v2\/tags?post=978"}],"curies":[{"name":"wp","href":"https:\/\/api.w.org\/{rel}","templated":true}]}}