{"id":980,"date":"2022-12-20T20:00:00","date_gmt":"2022-12-20T20:00:00","guid":{"rendered":"http:\/\/www.projektwrzesnia.pl\/wordpress\/980\/"},"modified":"2022-12-20T20:00:00","modified_gmt":"2022-12-20T20:00:00","slug":"sesja-budzetowa","status":"publish","type":"post","link":"https:\/\/www.projektwrzesnia.pl\/wordpress\/980\/","title":{"rendered":"Sesja bud\u017cetowa"},"content":{"rendered":"<p>Dzisiaj odby\u0142a si\u0119 XL Sesja Rady Miejskiej we Wrze\u015bni. Najwa\u017cniejszym jej punktem by\u0142o uchwalenie bud\u017cetu gminy na 2023 rok. Przy okazji podj\u0119to r\u00f3wnie\u017c inne uchwa\u0142y, w&nbsp;tym dotycz\u0105ce gospodarki przestrzennej.&nbsp;&nbsp;<\/p>\n<p>Tradycyjnie koniec roku to czas uchwalania bud\u017cetu gminy na kolejny rok. Projekt uchwa\u0142y bud\u017cetowej, kt\u00f3ry przed\u0142o\u017cono radnym do dyskusji, zawiera wiele inwestycji, kt\u00f3re by\u0142y bardzo d\u0142ugo wyczekiwane. Jako Projekt Wrze\u015bnia zaproponowali\u015bmy w\u0142asne pomys\u0142y do projektu bud\u017cetu, kt\u00f3re mog\u0142y stanowi\u0107 podstaw\u0119 do dyskusji i&nbsp;przyj\u0119cia przynajmniej niekt\u00f3rych z&nbsp;nich. Zaproponowali\u015bmy jako radni (Damian Staniszewski, Kornel Tomczak, Bogumi\u0142 Kwiatkowski) nast\u0119puj\u0105ce przedsi\u0119wzi\u0119cia i&nbsp;inwestycje: budowa ulicy Owocowej, zakup autobusu dla komunikacji publicznej, zakup wozu bojowego dla OSP Wrze\u015bnia, wykonanie projektu technicznego dla nowego targowiska miejskiego, wykonanie projektu technicznego dla nowej biblioteki miejskiej, budowa plac\u00f3w zabaw na Osiedlu Tysi\u0105clecia, remont ulicy Kili\u0144skiego, remont ulicy Kosynier\u00f3w, opracowanie dokumentacji dla \u015bcie\u017cki rowerowej wzd\u0142u\u017c DK 15, realizacj\u0119 przej\u015bcia dla pieszych na ulicy \u015amidowicz, wsparcie remontu schroniska dla zwierz\u0105t, zwi\u0119kszenie puli na stypendia dla sportowc\u00f3w i&nbsp;trener\u00f3w. Poprawki z\u0142o\u017cy\u0142 te\u017c radny Jaros\u0142aw Kowalewski: rewaloryzacja terenu dawnego Ogrodu Bractwa Kurkowego oraz budow\u0119 \u0142\u0105cznika pomi\u0119dzy ulic\u0105 Pilsk\u0105 w&nbsp;drog\u0105 serwisow\u0105 wzd\u0142u\u017c ulicy Objazdowej. Poprosili\u015bmy o&nbsp;przyj\u0119cie przynajmniej cz\u0119\u015bci poprawek. Niestety wszystkie te propozycje g\u0142osami Unii Wrze\u015bnia, PO oraz PiS zosta\u0142y odrzucone.<\/p>\n<p>Warto zaznaczy\u0107, \u017ce w&nbsp;wielu samorz\u0105dach bud\u017cet to wsp\u00f3lne dzie\u0142o wszystkich radnych, ale niestety nie we Wrze\u015bni. Tutaj bud\u017cet traktuje si\u0119 jak domen\u0119 jednej tylko grupy. Szkoda, \u017ce potrzeby pozosta\u0142ych grup mieszka\u0144c\u00f3w nie s\u0105 uwzgl\u0119dniane. W&nbsp;zwi\u0105zku z&nbsp;tym nie mogli\u015bmy poprze\u0107 bud\u017cetu, kt\u00f3ry marginalizuje potrzeby wielu mieszka\u0144c\u00f3w.<\/p>\n<p>Pozosta\u0142e uchwa\u0142y w&nbsp;czasie dzisiejszej sesji dotyczy\u0142y mi\u0119dzy innymi: Gminnego Programu Wspierania Rodziny na lata 2023-2025, stworzenia tzw. mieszka\u0144 treningowych (ochronnych), przyj\u0119cia So\u0142eckich Strategii Rozwoju Wsi: Gutowo Wielkie, Kleparz, Kaczanowo &ndash; Neryngowo, S\u0142omowo &ndash; S\u0142om\u00f3wko, zmiany uchwa\u0142y bud\u017cetowej na rok 2022. Pojawi\u0142y si\u0119 r\u00f3wnie\u017c uchwa\u0142y dotycz\u0105ce gospodarki przestrzennej. Pierwsza dotyczy\u0142a zmiany Studium uwarunkowa\u0144 i&nbsp;kierunk\u00f3w zagospodarowania przestrzennego Miasta i&nbsp;Gminy Wrze\u015bnia &ndash; dla terenu przy ul. Kolejowej we Wrze\u015bni oraz obszaru w&nbsp;Grzymys\u0142awicach (przy Bardziance w&nbsp;okolicach DW 432). Druga dotyczy\u0142a zmiany miejscowego planu zagospodarowania przestrzennego pod zabudow\u0119 us\u0142ugow\u0105 we Wrze\u015bni w&nbsp;rejonie ulic: S\u0142owackiego i&nbsp;Gen. Sikorskiego. Do tej drugiej uchwa\u0142y zaproponowali\u015bmy zmiany, jednak \u017cadne z&nbsp;nich nie zosta\u0142y zaakceptowane, nawet te korzystne finansowo dla Miasta i&nbsp;Gminy Wrze\u015bnia. Co wi\u0119cej miejscowy plan zagospodarowania przestrzennego nie zabezpiecza interes\u00f3w lokalnych przedsi\u0119biorc\u00f3w. Ponadto w&nbsp;przypadku Grzymys\u0142awic doprowadza si\u0119 do rozpraszania zabudowy. W&nbsp;zwi\u0105zku z&nbsp;tym nie poparli\u015bmy tych uchwa\u0142.<\/p>\n","protected":false},"excerpt":{"rendered":"<p>Dzisiaj odby\u0142a si\u0119 XL Sesja Rady Miejskiej we Wrze\u015bni. Najwa\u017cniejszym jej punktem by\u0142o uchwalenie bud\u017cetu gminy na 2023 rok. Przy okazji podj\u0119to r\u00f3wnie\u017c inne uchwa\u0142y, w&nbsp;tym dotycz\u0105ce gospodarki przestrzennej.&nbsp;&nbsp; Tradycyjnie koniec roku to czas uchwalania bud\u017cetu gminy na kolejny rok. Projekt uchwa\u0142y bud\u017cetowej, kt\u00f3ry przed\u0142o\u017cono radnym do dyskusji, zawiera wiele inwestycji, kt\u00f3re by\u0142y bardzo d\u0142ugo [&hellip;]<\/p>\n","protected":false},"author":1,"featured_media":10980,"comment_status":"open","ping_status":"open","sticky":false,"template":"","format":"standard","meta":{"_acf_changed":false,"footnotes":""},"categories":[15],"tags":[],"class_list":["post-980","post","type-post","status-publish","format-standard","has-post-thumbnail","hentry","category-15"],"acf":[],"_links":{"self":[{"href":"https:\/\/www.projektwrzesnia.pl\/wordpress\/wp-json\/wp\/v2\/posts\/980","targetHints":{"allow":["GET"]}}],"collection":[{"href":"https:\/\/www.projektwrzesnia.pl\/wordpress\/wp-json\/wp\/v2\/posts"}],"about":[{"href":"https:\/\/www.projektwrzesnia.pl\/wordpress\/wp-json\/wp\/v2\/types\/post"}],"author":[{"embeddable":true,"href":"https:\/\/www.projektwrzesnia.pl\/wordpress\/wp-json\/wp\/v2\/users\/1"}],"replies":[{"embeddable":true,"href":"https:\/\/www.projektwrzesnia.pl\/wordpress\/wp-json\/wp\/v2\/comments?post=980"}],"version-history":[{"count":0,"href":"https:\/\/www.projektwrzesnia.pl\/wordpress\/wp-json\/wp\/v2\/posts\/980\/revisions"}],"wp:featuredmedia":[{"embeddable":true,"href":"https:\/\/www.projektwrzesnia.pl\/wordpress\/wp-json\/wp\/v2\/media\/10980"}],"wp:attachment":[{"href":"https:\/\/www.projektwrzesnia.pl\/wordpress\/wp-json\/wp\/v2\/media?parent=980"}],"wp:term":[{"taxonomy":"category","embeddable":true,"href":"https:\/\/www.projektwrzesnia.pl\/wordpress\/wp-json\/wp\/v2\/categories?post=980"},{"taxonomy":"post_tag","embeddable":true,"href":"https:\/\/www.projektwrzesnia.pl\/wordpress\/wp-json\/wp\/v2\/tags?post=980"}],"curies":[{"name":"wp","href":"https:\/\/api.w.org\/{rel}","templated":true}]}}