{"id":981,"date":"2022-12-21T20:00:00","date_gmt":"2022-12-21T20:00:00","guid":{"rendered":"http:\/\/www.projektwrzesnia.pl\/wordpress\/981\/"},"modified":"2023-03-31T20:23:20","modified_gmt":"2023-03-31T20:23:20","slug":"opieka-instytucjonalna-nad-malymi-dziecmi-ranking","status":"publish","type":"post","link":"https:\/\/www.projektwrzesnia.pl\/wordpress\/981\/","title":{"rendered":"Opieka instytucjonalna nad ma\u0142ymi dzie\u0107mi  \u2013 ranking"},"content":{"rendered":"<p>Wczoraj na portalu &bdquo;Wsp\u00f3lnota &ndash; Pismo Samorz\u0105du Terytorialnego&rdquo; opublikowano ranking o&nbsp;nazwie &bdquo;Opieka instytucjonalna nad ma\u0142ymi dzie\u0107mi&rdquo;, kt\u00f3rego autorami s\u0105 Pawe\u0142 Swianiewicz oraz Julita \u0141ukomska. Sprawdzili oni, jak wygl\u0105da problem zapewnienia opieki nad dzie\u0107mi w&nbsp;wieku do 3 lat. Zgodnie ze&nbsp;wskazaniami autor\u00f3w w&nbsp;rankingu zastosowano wska\u017anik u\u017c\u0142obkowienia &ndash; zestawiono liczb\u0119 dzieci obj\u0119tych instytucjonaln\u0105 opiek\u0105 z&nbsp;og\u00f3ln\u0105 liczb\u0105 dzieci w&nbsp;wieku 1&ndash;3 lat. Wzi\u0119to pod uwag\u0119 dzieci w&nbsp;\u017c\u0142obkach, ale tak\u017ce klubach dzieci\u0119cych &ndash; w&nbsp;plac\u00f3wkach samorz\u0105dowych i&nbsp;prowadzonych przez inne podmioty (wiele gmin przekazuje im dotacje). Do tego dodano dzieci w&nbsp;wieku do 3 lat w&nbsp;przedszkolach, punktach przedszkolnych, zespo\u0142ach wychowania przedszkolnego oraz oddzia\u0142ach przedszkolnych przy szko\u0142ach podstawowych. Szczeg\u00f3\u0142y mo\u017cna znale\u017a\u0107 <a href=\"https:\/\/wspolnota.org.pl\/news\/ranking-opieka-instytucjonalna-nad-dziecmi-do-lat-3\" target=\"_blank\" rel=\"noopener\"><strong>tutaj<\/strong><\/a>.<\/p>\n<p>&nbsp;<\/p>\n<p>W poni\u017cszej tabeli por\u00f3wnali\u015bmy wska\u017aniki opieki instytucjonalnej nad ma\u0142ymi dzie\u0107mi w&nbsp;miastach por\u00f3wnywalnych zwyczajowo do Wrze\u015bni &ndash; s\u0105 to: \u015aroda Wielkopolska, \u015arem, Gniezno, S\u0142upca, Pleszew i&nbsp;Jarocin. Z&nbsp;poni\u017cszego zestawienia wynika, \u017ce jest sporo do zrobienia w&nbsp;tym aspekcie w&nbsp;Mie\u015bcie i&nbsp;Gminie Wrze\u015bnia, tym bardziej \u017ce spadli\u015bmy w&nbsp;og\u00f3lnym zestawieniu (w 2016 roku zaj\u0119li\u015bmy 142. miejsce).<\/p>\n<p><img loading=\"lazy\" decoding=\"async\" style=\"float: left; margin-left: 20px; margin-right: 20px;\" title=\"- 20221222_ranking_tabela.jpg\" src=\"http:\/\/www.projektwrzesnia.pl\/asp\/pliki\/aktualnosci2017\/20221222_ranking_tabela.jpg\" alt=\"- 20221222_ranking_tabela.jpg\" width=\"780\" height=\"400\"><\/p>\n<p>&nbsp;<\/p>\n<p>&nbsp;<\/p>\n<p>&nbsp;<\/p>\n<p>&nbsp;<\/p>\n<p>&nbsp;<\/p>\n<p>&nbsp;<\/p>\n<p>&nbsp;<\/p>\n<p>&nbsp;<\/p>\n<p>&nbsp;<\/p>\n","protected":false},"excerpt":{"rendered":"<p>Wczoraj na portalu &bdquo;Wsp\u00f3lnota &ndash; Pismo Samorz\u0105du Terytorialnego&rdquo; opublikowano ranking o&nbsp;nazwie &bdquo;Opieka instytucjonalna nad ma\u0142ymi dzie\u0107mi&rdquo;, kt\u00f3rego autorami s\u0105 Pawe\u0142 Swianiewicz oraz Julita \u0141ukomska. Sprawdzili oni, jak wygl\u0105da problem zapewnienia opieki nad dzie\u0107mi w&nbsp;wieku do 3 lat. Zgodnie ze&nbsp;wskazaniami autor\u00f3w w&nbsp;rankingu zastosowano wska\u017anik u\u017c\u0142obkowienia &ndash; zestawiono liczb\u0119 dzieci obj\u0119tych instytucjonaln\u0105 opiek\u0105 z&nbsp;og\u00f3ln\u0105 liczb\u0105 dzieci w&nbsp;wieku [&hellip;]<\/p>\n","protected":false},"author":1,"featured_media":10981,"comment_status":"open","ping_status":"open","sticky":false,"template":"","format":"standard","meta":{"_acf_changed":false,"footnotes":""},"categories":[43],"tags":[],"class_list":["post-981","post","type-post","status-publish","format-standard","has-post-thumbnail","hentry","category-aktualnosci"],"acf":[],"_links":{"self":[{"href":"https:\/\/www.projektwrzesnia.pl\/wordpress\/wp-json\/wp\/v2\/posts\/981","targetHints":{"allow":["GET"]}}],"collection":[{"href":"https:\/\/www.projektwrzesnia.pl\/wordpress\/wp-json\/wp\/v2\/posts"}],"about":[{"href":"https:\/\/www.projektwrzesnia.pl\/wordpress\/wp-json\/wp\/v2\/types\/post"}],"author":[{"embeddable":true,"href":"https:\/\/www.projektwrzesnia.pl\/wordpress\/wp-json\/wp\/v2\/users\/1"}],"replies":[{"embeddable":true,"href":"https:\/\/www.projektwrzesnia.pl\/wordpress\/wp-json\/wp\/v2\/comments?post=981"}],"version-history":[{"count":1,"href":"https:\/\/www.projektwrzesnia.pl\/wordpress\/wp-json\/wp\/v2\/posts\/981\/revisions"}],"predecessor-version":[{"id":10100922,"href":"https:\/\/www.projektwrzesnia.pl\/wordpress\/wp-json\/wp\/v2\/posts\/981\/revisions\/10100922"}],"wp:featuredmedia":[{"embeddable":true,"href":"https:\/\/www.projektwrzesnia.pl\/wordpress\/wp-json\/wp\/v2\/media\/10981"}],"wp:attachment":[{"href":"https:\/\/www.projektwrzesnia.pl\/wordpress\/wp-json\/wp\/v2\/media?parent=981"}],"wp:term":[{"taxonomy":"category","embeddable":true,"href":"https:\/\/www.projektwrzesnia.pl\/wordpress\/wp-json\/wp\/v2\/categories?post=981"},{"taxonomy":"post_tag","embeddable":true,"href":"https:\/\/www.projektwrzesnia.pl\/wordpress\/wp-json\/wp\/v2\/tags?post=981"}],"curies":[{"name":"wp","href":"https:\/\/api.w.org\/{rel}","templated":true}]}}