{"id":992,"date":"2023-02-09T20:00:00","date_gmt":"2023-02-09T20:00:00","guid":{"rendered":"http:\/\/www.projektwrzesnia.pl\/wordpress\/992\/"},"modified":"2023-03-31T20:25:41","modified_gmt":"2023-03-31T20:25:41","slug":"spotkanie-komitetu","status":"publish","type":"post","link":"https:\/\/www.projektwrzesnia.pl\/wordpress\/992\/","title":{"rendered":"Spotkanie komitetu"},"content":{"rendered":"<p>W pa\u017adzierniku zesz\u0142ego roku zosta\u0142 powo\u0142any Spo\u0142eczny Komitet Upami\u0119tnienia Cmentarzy \u017bydowskich we Wrze\u015bni. W&nbsp;jego sk\u0142ad weszli historycy i&nbsp;spo\u0142ecznicy z&nbsp;Wrze\u015bni oraz przedstawiciele Nekielskiego Stowarzyszenia Kulturalnego. Taki sk\u0142ad jest mocn\u0105 stron\u0105 komitetu, kt\u00f3ry do tej pory zebra\u0142 ponad tysi\u0105c z\u0142otych.<\/p>\n<p>Wczoraj odby\u0142o si\u0119 kolejne spotkanie komitetu, w&nbsp;czasie kt\u00f3rego przedyskutowano koncepcje upami\u0119tnienia &ndash; b\u0119d\u0105 to tablice kommemoratywne, na wz\u00f3r tych kt\u00f3re ju\u017c znajduj\u0105 si\u0119 w&nbsp;wielu miejscach Wrze\u015bni. Om\u00f3wiono r\u00f3wnie\u017c tre\u015b\u0107 napis\u00f3w na tablicach. Teraz czas na kolejne kroki w&nbsp;celu realizacji przedsi\u0119wzi\u0119cia.<\/p>\n<p>Przypominamy, \u017ce komitet jest otwarty na wszystkich chc\u0105cych dzia\u0142a\u0107 na rzecz pami\u0119ci o&nbsp;wrzesi\u0144skich \u017bydach. Serdecznie zapraszamy do wsp\u00f3\u0142pracy.<\/p>\n<p>&nbsp;<\/p>\n<p>&nbsp;<\/p>\n<div style=\"position: relative; width: 100%; height: 400px; overflow: hidden;\"><iframe loading=\"lazy\" src=\"https:\/\/zrzutka.pl\/v9tbjg\/widget\/13\" width=\"320\" height=\"240\" frameborder=\"0\" scrolling=\"no\" style=\"position: absolute; top: 0; left: 0; bottom: 0; right: 0; width: 100%; height: 100%;\"><\/iframe><\/div>\n","protected":false},"excerpt":{"rendered":"<p>W pa\u017adzierniku zesz\u0142ego roku zosta\u0142 powo\u0142any Spo\u0142eczny Komitet Upami\u0119tnienia Cmentarzy \u017bydowskich we Wrze\u015bni. W&nbsp;jego sk\u0142ad weszli historycy i&nbsp;spo\u0142ecznicy z&nbsp;Wrze\u015bni oraz przedstawiciele Nekielskiego Stowarzyszenia Kulturalnego. Taki sk\u0142ad jest mocn\u0105 stron\u0105 komitetu, kt\u00f3ry do tej pory zebra\u0142 ponad tysi\u0105c z\u0142otych. Wczoraj odby\u0142o si\u0119 kolejne spotkanie komitetu, w&nbsp;czasie kt\u00f3rego przedyskutowano koncepcje upami\u0119tnienia &ndash; b\u0119d\u0105 to tablice kommemoratywne, na [&hellip;]<\/p>\n","protected":false},"author":1,"featured_media":10992,"comment_status":"open","ping_status":"open","sticky":false,"template":"","format":"standard","meta":{"_acf_changed":false,"footnotes":""},"categories":[43],"tags":[],"class_list":["post-992","post","type-post","status-publish","format-standard","has-post-thumbnail","hentry","category-aktualnosci"],"acf":[],"_links":{"self":[{"href":"https:\/\/www.projektwrzesnia.pl\/wordpress\/wp-json\/wp\/v2\/posts\/992","targetHints":{"allow":["GET"]}}],"collection":[{"href":"https:\/\/www.projektwrzesnia.pl\/wordpress\/wp-json\/wp\/v2\/posts"}],"about":[{"href":"https:\/\/www.projektwrzesnia.pl\/wordpress\/wp-json\/wp\/v2\/types\/post"}],"author":[{"embeddable":true,"href":"https:\/\/www.projektwrzesnia.pl\/wordpress\/wp-json\/wp\/v2\/users\/1"}],"replies":[{"embeddable":true,"href":"https:\/\/www.projektwrzesnia.pl\/wordpress\/wp-json\/wp\/v2\/comments?post=992"}],"version-history":[{"count":1,"href":"https:\/\/www.projektwrzesnia.pl\/wordpress\/wp-json\/wp\/v2\/posts\/992\/revisions"}],"predecessor-version":[{"id":10100915,"href":"https:\/\/www.projektwrzesnia.pl\/wordpress\/wp-json\/wp\/v2\/posts\/992\/revisions\/10100915"}],"wp:featuredmedia":[{"embeddable":true,"href":"https:\/\/www.projektwrzesnia.pl\/wordpress\/wp-json\/wp\/v2\/media\/10992"}],"wp:attachment":[{"href":"https:\/\/www.projektwrzesnia.pl\/wordpress\/wp-json\/wp\/v2\/media?parent=992"}],"wp:term":[{"taxonomy":"category","embeddable":true,"href":"https:\/\/www.projektwrzesnia.pl\/wordpress\/wp-json\/wp\/v2\/categories?post=992"},{"taxonomy":"post_tag","embeddable":true,"href":"https:\/\/www.projektwrzesnia.pl\/wordpress\/wp-json\/wp\/v2\/tags?post=992"}],"curies":[{"name":"wp","href":"https:\/\/api.w.org\/{rel}","templated":true}]}}