{"id":993,"date":"2023-02-14T20:00:00","date_gmt":"2023-02-14T20:00:00","guid":{"rendered":"http:\/\/www.projektwrzesnia.pl\/wordpress\/993\/"},"modified":"2023-03-31T20:24:45","modified_gmt":"2023-03-31T20:24:45","slug":"kolejna-wygrana-w-sadzie","status":"publish","type":"post","link":"https:\/\/www.projektwrzesnia.pl\/wordpress\/993\/","title":{"rendered":"Kolejna wygrana w\u00a0s\u0105dzie"},"content":{"rendered":"<p>W listopadzie 2022 roku zwr\u00f3cili\u015bmy si\u0119 do burmistrza Wrze\u015bni z&nbsp;pro\u015bb\u0105 o&nbsp;udostepnienie dokumentacji przebiegu i&nbsp;efekt\u00f3w kontroli oraz wyst\u0105pienia, stanowiska, wnioski i&nbsp;opinie podmiot\u00f3w j\u0105 przeprowadzaj\u0105cych w&nbsp;2021 i&nbsp;2022 roku. Niestety burmistrz zdecydowa\u0142 si\u0119 nie udost\u0119pni\u0107 dokumentacji, mi\u0119dzy innymi wskazuj\u0105c, \u017ce &bdquo;dysponentem protoko\u0142\u00f3w i&nbsp;wyst\u0105pie\u0144 pokontrolnych s\u0105 podmioty dokonuj\u0105ce tych kontroli&rdquo;.&nbsp;&nbsp;<\/p>\n<p>Z takim stanowiskiem burmistrza nie mogli\u015bmy si\u0119 zgodzi\u0107, wi\u0119c skierowali\u015bmy spraw\u0119 do Wojew\u00f3dzkiego S\u0105du Administracyjnego w&nbsp;Poznaniu. Ten w&nbsp;wyroku z&nbsp;3 lutego 2023 r. przyzna\u0142 nam racj\u0119 i&nbsp;nakaza\u0142 burmistrzowi rozpatrzenie wniosku o&nbsp;udostepnienie dokument\u00f3w pokontrolnych. W&nbsp;uzasadnieniu wyroku mo\u017cna przeczyta\u0107 dobitne s\u0142owa: &bdquo;przede wszystkim w&nbsp;ocenie S\u0105du kuriozalne jest t\u0142umaczenie organu, \u017ce: &#8222;dysponentem protoko\u0142\u00f3w i&nbsp;wyst\u0105pie\u0144 pokontrolnych s\u0105 podmioty dokonuj\u0105ce tych kontroli&#8221;. Oczywi\u015bcie twierdzenie takie mo\u017ce by\u0107 zgodne z&nbsp;prawd\u0105, jednak nie spos\u00f3b przyj\u0105\u0107, \u017ce podmiot kontrolowany tak\u017ce nie posiada dokument\u00f3w kontroli, kt\u00f3re go bezpo\u015brednio dotycz\u0105. Nale\u017cy wi\u0119c przyj\u0105\u0107, \u017ce organ posiada dokumenty z&nbsp;przeprowadzonych wobec niego kontroli. Za wnioskiem tym przemawia r\u00f3wnie\u017c fakt, \u017ce organ nie wskaza\u0142 jednoznacznie, \u017ce ich nie posiada&rdquo;.&nbsp;<\/p>\n<p>Czekamy teraz na udost\u0119pnienie dokument\u00f3w pokontrolnych. Bezpodstawnie odmawiaj\u0105c ich udost\u0119pnienia Gmina ponosi niepotrzebnie koszty. Niestety, jak wida\u0107, burmistrza to nie przekonuje.<\/p>\n<p>Warto wspomnie\u0107 na koniec, \u017ce dokumentacj\u0119 pokontroln\u0105 od dawna udost\u0119pnia dla wszystkich Starostwo Powiatowe we Wrze\u015bni i&nbsp;mo\u017cna j\u0105 znale\u017a\u0107 <a href=\"https:\/\/www.bip.wrzesnia.powiat.pl\/98,kontrola-dzialalnosci\" target=\"_blank\" rel=\"noopener\"><strong>tutaj<\/strong><\/a>.<\/p>\n<p>&nbsp;<\/p>\n","protected":false},"excerpt":{"rendered":"<p>W listopadzie 2022 roku zwr\u00f3cili\u015bmy si\u0119 do burmistrza Wrze\u015bni z&nbsp;pro\u015bb\u0105 o&nbsp;udostepnienie dokumentacji przebiegu i&nbsp;efekt\u00f3w kontroli oraz wyst\u0105pienia, stanowiska, wnioski i&nbsp;opinie podmiot\u00f3w j\u0105 przeprowadzaj\u0105cych w&nbsp;2021 i&nbsp;2022 roku. Niestety burmistrz zdecydowa\u0142 si\u0119 nie udost\u0119pni\u0107 dokumentacji, mi\u0119dzy innymi wskazuj\u0105c, \u017ce &bdquo;dysponentem protoko\u0142\u00f3w i&nbsp;wyst\u0105pie\u0144 pokontrolnych s\u0105 podmioty dokonuj\u0105ce tych kontroli&rdquo;.&nbsp;&nbsp; Z takim stanowiskiem burmistrza nie mogli\u015bmy si\u0119 zgodzi\u0107, wi\u0119c [&hellip;]<\/p>\n","protected":false},"author":1,"featured_media":10993,"comment_status":"open","ping_status":"open","sticky":false,"template":"","format":"standard","meta":{"_acf_changed":false,"footnotes":""},"categories":[43],"tags":[],"class_list":["post-993","post","type-post","status-publish","format-standard","has-post-thumbnail","hentry","category-aktualnosci"],"acf":[],"_links":{"self":[{"href":"https:\/\/www.projektwrzesnia.pl\/wordpress\/wp-json\/wp\/v2\/posts\/993","targetHints":{"allow":["GET"]}}],"collection":[{"href":"https:\/\/www.projektwrzesnia.pl\/wordpress\/wp-json\/wp\/v2\/posts"}],"about":[{"href":"https:\/\/www.projektwrzesnia.pl\/wordpress\/wp-json\/wp\/v2\/types\/post"}],"author":[{"embeddable":true,"href":"https:\/\/www.projektwrzesnia.pl\/wordpress\/wp-json\/wp\/v2\/users\/1"}],"replies":[{"embeddable":true,"href":"https:\/\/www.projektwrzesnia.pl\/wordpress\/wp-json\/wp\/v2\/comments?post=993"}],"version-history":[{"count":1,"href":"https:\/\/www.projektwrzesnia.pl\/wordpress\/wp-json\/wp\/v2\/posts\/993\/revisions"}],"predecessor-version":[{"id":10100913,"href":"https:\/\/www.projektwrzesnia.pl\/wordpress\/wp-json\/wp\/v2\/posts\/993\/revisions\/10100913"}],"wp:featuredmedia":[{"embeddable":true,"href":"https:\/\/www.projektwrzesnia.pl\/wordpress\/wp-json\/wp\/v2\/media\/10993"}],"wp:attachment":[{"href":"https:\/\/www.projektwrzesnia.pl\/wordpress\/wp-json\/wp\/v2\/media?parent=993"}],"wp:term":[{"taxonomy":"category","embeddable":true,"href":"https:\/\/www.projektwrzesnia.pl\/wordpress\/wp-json\/wp\/v2\/categories?post=993"},{"taxonomy":"post_tag","embeddable":true,"href":"https:\/\/www.projektwrzesnia.pl\/wordpress\/wp-json\/wp\/v2\/tags?post=993"}],"curies":[{"name":"wp","href":"https:\/\/api.w.org\/{rel}","templated":true}]}}