{"id":994,"date":"2023-02-14T20:00:00","date_gmt":"2023-02-14T20:00:00","guid":{"rendered":"http:\/\/www.projektwrzesnia.pl\/wordpress\/994\/"},"modified":"2023-03-31T20:24:55","modified_gmt":"2023-03-31T20:24:55","slug":"kolejne-wiesci-w-sprawie-lasku-sokolowskiego","status":"publish","type":"post","link":"https:\/\/www.projektwrzesnia.pl\/wordpress\/994\/","title":{"rendered":"Kolejne wie\u015bci w\u00a0sprawie Lasku Soko\u0142owskiego"},"content":{"rendered":"<p>W 2019 roku dosz\u0142o do po\u017caru tak zwanego Lasku Soko\u0142owskiego, kt\u00f3ry znajduje si\u0119 za torami kolejowymi przy Osiedlu Soko\u0142owskim we Wrze\u015bni. W&nbsp;wyniku tego zdarzenia spora cz\u0119\u015b\u0107 drzew sp\u0142on\u0119\u0142a, a&nbsp;wiele zosta\u0142o uszkodzonych. Na pocz\u0105tku minionego roku przypomnieli\u015bmy Krajowemu O\u015brodkowi Wsparcia Rolnictwa, kt\u00f3ry jest w\u0142a\u015bcicielem lasu, o&nbsp;potrzebie zaj\u0119cia si\u0119 tym tematem. Pisali\u015bmy o&nbsp;tym <a href=\"http:\/\/projektwrzesnia.pl\/asp\/pl_start.asp?typ=13&amp;menu=13&amp;artykul=891&amp;akcja=artykul\" target=\"_blank\" rel=\"noopener\"><strong>tutaj<\/strong><\/a>.<\/p>\n<p>&nbsp;<\/p>\n<p>Krajowy O\u015brodek Wsparcia Rolnictwa podj\u0105\u0142 dzia\u0142ania i&nbsp;sporz\u0105dzi\u0142 inwentaryzacj\u0119 spalonego lasu. Dokumentacj\u0119 t\u0119 zatwierdzi\u0142o ju\u017c Nadle\u015bnictwo Czerniejewo. W&nbsp;tym roku planowane jest uporz\u0105dkowanie terenu i&nbsp;nasadzenie nowych drzew.<\/p>\n<p>Z niecierpliwo\u015bci\u0105 czekamy na nasadzenia &#x1f60a;<\/p>\n<p>&nbsp;<\/p>\n","protected":false},"excerpt":{"rendered":"<p>W 2019 roku dosz\u0142o do po\u017caru tak zwanego Lasku Soko\u0142owskiego, kt\u00f3ry znajduje si\u0119 za torami kolejowymi przy Osiedlu Soko\u0142owskim we Wrze\u015bni. W&nbsp;wyniku tego zdarzenia spora cz\u0119\u015b\u0107 drzew sp\u0142on\u0119\u0142a, a&nbsp;wiele zosta\u0142o uszkodzonych. Na pocz\u0105tku minionego roku przypomnieli\u015bmy Krajowemu O\u015brodkowi Wsparcia Rolnictwa, kt\u00f3ry jest w\u0142a\u015bcicielem lasu, o&nbsp;potrzebie zaj\u0119cia si\u0119 tym tematem. Pisali\u015bmy o&nbsp;tym tutaj. &nbsp; Krajowy O\u015brodek [&hellip;]<\/p>\n","protected":false},"author":1,"featured_media":10994,"comment_status":"open","ping_status":"open","sticky":false,"template":"","format":"standard","meta":{"_acf_changed":false,"footnotes":""},"categories":[43],"tags":[],"class_list":["post-994","post","type-post","status-publish","format-standard","has-post-thumbnail","hentry","category-aktualnosci"],"acf":[],"_links":{"self":[{"href":"https:\/\/www.projektwrzesnia.pl\/wordpress\/wp-json\/wp\/v2\/posts\/994","targetHints":{"allow":["GET"]}}],"collection":[{"href":"https:\/\/www.projektwrzesnia.pl\/wordpress\/wp-json\/wp\/v2\/posts"}],"about":[{"href":"https:\/\/www.projektwrzesnia.pl\/wordpress\/wp-json\/wp\/v2\/types\/post"}],"author":[{"embeddable":true,"href":"https:\/\/www.projektwrzesnia.pl\/wordpress\/wp-json\/wp\/v2\/users\/1"}],"replies":[{"embeddable":true,"href":"https:\/\/www.projektwrzesnia.pl\/wordpress\/wp-json\/wp\/v2\/comments?post=994"}],"version-history":[{"count":1,"href":"https:\/\/www.projektwrzesnia.pl\/wordpress\/wp-json\/wp\/v2\/posts\/994\/revisions"}],"predecessor-version":[{"id":10100914,"href":"https:\/\/www.projektwrzesnia.pl\/wordpress\/wp-json\/wp\/v2\/posts\/994\/revisions\/10100914"}],"wp:featuredmedia":[{"embeddable":true,"href":"https:\/\/www.projektwrzesnia.pl\/wordpress\/wp-json\/wp\/v2\/media\/10994"}],"wp:attachment":[{"href":"https:\/\/www.projektwrzesnia.pl\/wordpress\/wp-json\/wp\/v2\/media?parent=994"}],"wp:term":[{"taxonomy":"category","embeddable":true,"href":"https:\/\/www.projektwrzesnia.pl\/wordpress\/wp-json\/wp\/v2\/categories?post=994"},{"taxonomy":"post_tag","embeddable":true,"href":"https:\/\/www.projektwrzesnia.pl\/wordpress\/wp-json\/wp\/v2\/tags?post=994"}],"curies":[{"name":"wp","href":"https:\/\/api.w.org\/{rel}","templated":true}]}}