{"id":995,"date":"2023-02-15T20:00:00","date_gmt":"2023-02-15T20:00:00","guid":{"rendered":"http:\/\/www.projektwrzesnia.pl\/wordpress\/995\/"},"modified":"2023-03-31T20:24:37","modified_gmt":"2023-03-31T20:24:37","slug":"bedzie-remont-dworca-kolejowego-we-wrzesni","status":"publish","type":"post","link":"https:\/\/www.projektwrzesnia.pl\/wordpress\/995\/","title":{"rendered":"B\u0119dzie remont dworca kolejowego we Wrze\u015bni"},"content":{"rendered":"<p>W jakim stanie jest wrzesi\u0144ski dworzec, wie ka\u017cdy. Kiepska to wizyt\u00f3wka dla miasta i&nbsp;regionu. Niedawno kolejny raz zwr\u00f3cili\u015bmy si\u0119 do PKP S.A. z&nbsp;pro\u015bb\u0105 o&nbsp;pod\u0119cie dzia\u0142a\u0144 maj\u0105cych na celu remontu dworca kolejowego we Wrze\u015bni.<\/p>\n<p>W pi\u015bmie wskazali\u015bmy, \u017ce dworzec kolejowy we Wrze\u015bni nie przeszed\u0142 gruntownego i&nbsp;ca\u0142o\u015bciowego remontu od kilkudziesi\u0119ciu lat. Codziennie przez stacj\u0119 Wrze\u015bnia przeje\u017cd\u017ca kilkana\u015bcie tysi\u0119cy pasa\u017cer\u00f3w poci\u0105g\u00f3w oraz kilkadziesi\u0105t poci\u0105g\u00f3w towarowych. W&nbsp;zwi\u0105zku z&nbsp;tym stacja Wrze\u015bni powinna podlega\u0107 modernizacji. Podnie\u015bli\u015bmy, \u017ce nale\u017cy wyremontowa\u0107 perony wrzesi\u0144skiego dworca, mi\u0119dzy innymi podnie\u015b\u0107 ich wysoko\u015b\u0107, by u\u0142atwi\u0107 pasa\u017cerom wsiadanie i&nbsp;wysiadanie z&nbsp;poci\u0105g\u00f3w oraz wn\u0119trze i&nbsp;fasad\u0119 dworca.<\/p>\n<p>Warto przy okazji przypomnie\u0107, \u017ce dworzec kolejowy we Wrze\u015bni pochodzi z&nbsp;1887 roku i&nbsp;znajduje si\u0119 w&nbsp;gminnej ewidencji zabytk\u00f3w. Z&nbsp;tego\u017c samego okresu historycznego (prze\u0142om XIX i&nbsp;XX wieku) pochodz\u0105 elementy otaczaj\u0105ce dworzec &ndash; mi\u0119dzy innymi wiaty na peronach.<\/p>\n<p>Kilka dni temu przysz\u0142a odpowied\u017a z&nbsp;PKP S.A., w&nbsp;kt\u00f3rej poinformowano, \u017ce dworzec zosta\u0142 zakwalifikowany do modernizacji w&nbsp;ramach &bdquo;Programu Inwestycji Dworcowych na lata 2024-2030&rdquo; jako priorytet A&nbsp;o stopniu najwy\u017cszym.<\/p>\n<p>Oczywi\u015bcie mo\u017cna utyskiwa\u0107, \u017ce remont nie odb\u0119dzie si\u0119 od razu, a&nbsp;dopiero za jaki\u015b czas. Tyle tylko, \u017ce dotychczas odpowiedzi w&nbsp;sprawie poprawy stanu dworca by\u0142y negatywne, wi\u0119c warto doceni\u0107, \u017ce jednak co\u015b si\u0119 ruszy\u0142o.<\/p>\n<p><span class=\"tytul\">Inni pisz\u0105:<\/span><\/p>\n<div class=\"col-md-12 title\">\n<p><a href=\"https:\/\/wrzesnia.info.pl\/pl\/19_wiadomosci-z-regionu\/635_wrzesnia\/22044_dworzec-kolejowy-we-wrzesni-ma-zostac-wyremontowany.html?fbclid=IwAR33JZFRax3i_tl6PiVeOdTncMYapByhOOTv96TNJKxSpfG01JWGI6OyKVc\" target=\"_blank\" rel=\"noopener\">Dworzec kolejowy we Wrze\u015bni ma zosta\u0107 wyremontowany<\/a><\/p>\n<\/div>\n<p><a href=\"https:\/\/wrzesnia.info.pl\/pl\/19_wiadomosci-z-regionu\/635_wrzesnia\/22044_dworzec-kolejowy-we-wrzesni-ma-zostac-wyremontowany.html?fbclid=IwAR33JZFRax3i_tl6PiVeOdTncMYapByhOOTv96TNJKxSpfG01JWGI6OyKVc\" target=\"_blank\" rel=\"noopener\">&nbsp;<\/a><\/p>\n","protected":false},"excerpt":{"rendered":"<p>W jakim stanie jest wrzesi\u0144ski dworzec, wie ka\u017cdy. Kiepska to wizyt\u00f3wka dla miasta i&nbsp;regionu. Niedawno kolejny raz zwr\u00f3cili\u015bmy si\u0119 do PKP S.A. z&nbsp;pro\u015bb\u0105 o&nbsp;pod\u0119cie dzia\u0142a\u0144 maj\u0105cych na celu remontu dworca kolejowego we Wrze\u015bni. W pi\u015bmie wskazali\u015bmy, \u017ce dworzec kolejowy we Wrze\u015bni nie przeszed\u0142 gruntownego i&nbsp;ca\u0142o\u015bciowego remontu od kilkudziesi\u0119ciu lat. Codziennie przez stacj\u0119 Wrze\u015bnia przeje\u017cd\u017ca kilkana\u015bcie [&hellip;]<\/p>\n","protected":false},"author":1,"featured_media":10995,"comment_status":"open","ping_status":"open","sticky":false,"template":"","format":"standard","meta":{"_acf_changed":false,"footnotes":""},"categories":[43],"tags":[],"class_list":["post-995","post","type-post","status-publish","format-standard","has-post-thumbnail","hentry","category-aktualnosci"],"acf":[],"_links":{"self":[{"href":"https:\/\/www.projektwrzesnia.pl\/wordpress\/wp-json\/wp\/v2\/posts\/995","targetHints":{"allow":["GET"]}}],"collection":[{"href":"https:\/\/www.projektwrzesnia.pl\/wordpress\/wp-json\/wp\/v2\/posts"}],"about":[{"href":"https:\/\/www.projektwrzesnia.pl\/wordpress\/wp-json\/wp\/v2\/types\/post"}],"author":[{"embeddable":true,"href":"https:\/\/www.projektwrzesnia.pl\/wordpress\/wp-json\/wp\/v2\/users\/1"}],"replies":[{"embeddable":true,"href":"https:\/\/www.projektwrzesnia.pl\/wordpress\/wp-json\/wp\/v2\/comments?post=995"}],"version-history":[{"count":1,"href":"https:\/\/www.projektwrzesnia.pl\/wordpress\/wp-json\/wp\/v2\/posts\/995\/revisions"}],"predecessor-version":[{"id":10100912,"href":"https:\/\/www.projektwrzesnia.pl\/wordpress\/wp-json\/wp\/v2\/posts\/995\/revisions\/10100912"}],"wp:featuredmedia":[{"embeddable":true,"href":"https:\/\/www.projektwrzesnia.pl\/wordpress\/wp-json\/wp\/v2\/media\/10995"}],"wp:attachment":[{"href":"https:\/\/www.projektwrzesnia.pl\/wordpress\/wp-json\/wp\/v2\/media?parent=995"}],"wp:term":[{"taxonomy":"category","embeddable":true,"href":"https:\/\/www.projektwrzesnia.pl\/wordpress\/wp-json\/wp\/v2\/categories?post=995"},{"taxonomy":"post_tag","embeddable":true,"href":"https:\/\/www.projektwrzesnia.pl\/wordpress\/wp-json\/wp\/v2\/tags?post=995"}],"curies":[{"name":"wp","href":"https:\/\/api.w.org\/{rel}","templated":true}]}}