{"id":996,"date":"2023-02-16T20:00:00","date_gmt":"2023-02-16T20:00:00","guid":{"rendered":"http:\/\/www.projektwrzesnia.pl\/wordpress\/996\/"},"modified":"2023-03-31T20:24:26","modified_gmt":"2023-03-31T20:24:26","slug":"jak-to-jest-z-oswietleniem-w-gminie-wrzesnia","status":"publish","type":"post","link":"https:\/\/www.projektwrzesnia.pl\/wordpress\/996\/","title":{"rendered":"Jak to jest z&nbsp;o\u015bwietleniem w&nbsp;Gminie Wrze\u015bnia?"},"content":{"rendered":"<p>Z zaciekawieniem \u015bledzimy artyku\u0142y &bdquo;Wie\u015bci z&nbsp;Ratusza&rdquo; dotycz\u0105ce o\u015bwietlenia ulic naszej gminy. Jak wiadomo od pewnego czasu wy\u0142\u0105czono spor\u0105 cz\u0119\u015b\u0107 o\u015bwietlenia ulicznego. Jaki by\u0142 tego pow\u00f3d? Oczywi\u015bcie wzrost cen energii elektrycznej. Ratusz informowa\u0142 w&nbsp;wydaniu nr 48 z&nbsp;1 grudnia 2022 roku o&nbsp;podwy\u017cce cen, wskazano, \u017ce w&nbsp;2021 roku p\u0142acili\u015bmy 0,401 z\u0142\/kWh, a&nbsp;w&nbsp;2022 roku cena osi\u0105gn\u0119\u0142a ju\u017c poziom 0,951 z\u0142\/kWh. Zatem rok do roku koszt kWh wzr\u00f3s\u0142 o&nbsp;137 %. Tymczasem w&nbsp;ratuszowym biuletynie podano informacj\u0119 o&nbsp;wzro\u015bcie cen wynosz\u0105cym &bdquo;278%&rdquo;. Tutaj dochodzimy do dosy\u0107 istotnej kwestii, czy Ratusz &bdquo;umie w&nbsp;procenty&rdquo;? Miejmy nadziej\u0119, \u017ce istotne kwestie bud\u017cetowe s\u0105 podejmowane w&nbsp;oparciu o&nbsp;lepsze wyliczenia.<\/p>\n<p>Warto r\u00f3wnie\u017c przyjrze\u0107 si\u0119 danym o&nbsp;samej liczbie lamp. W&nbsp;naszej gminie znajduje si\u0119 oko\u0142o 6 000 lamp. &bdquo;Oko\u0142o&rdquo;, poniewa\u017c ich liczba zmienia si\u0119 w&nbsp;zale\u017cno\u015bci od wydania &bdquo;Wie\u015bci z&nbsp;Ratusza&rdquo;. We wspomnianym wy\u017cej wydaniu nr 48 mieli\u015bmy 6 035 latarni, w&nbsp;tym 1 553 lamp led&nbsp; (dodatkowo w&nbsp;wydaniu nr 39 z&nbsp;29 wrze\u015bnia 2022 roku pojawi\u0142a si\u0119 informacja o&nbsp;1 368 lampach energooszcz\u0119dnych), natomiast w&nbsp;tegorocznym wydaniu nr 4 z&nbsp;26 stycznia 2023 r. liczba lamp wynios\u0142a og\u00f3\u0142em 6 006, w&nbsp;tym 1 368 lamp energooszcz\u0119dnych i&nbsp;oko\u0142o 1 700 lamp led.&nbsp;<\/p>\n<p>Ponadto gmina za\u0142o\u017cy\u0142a, \u017ce wy\u0142\u0105czenie 50% o\u015bwietlenia ulicznego, przy cenach energii z&nbsp;2022 roku, da oszcz\u0119dno\u015bci rz\u0119du 1,7 mln z\u0142 rocznie. Natomiast przy cenie energii jak\u0105 otrzymywa\u0142y inne samorz\u0105dy na 2023 roku koszt o\u015bwietlenia wszystkich lamp m\u00f3g\u0142 wynie\u015b\u0107 oko\u0142o 10 mln z\u0142. Ze wzgl\u0119du na ustawowe ograniczenie maksymalnej ceny za kWh dla samorz\u0105d\u00f3w do 0,966 z\u0142 koszt o\u015bwietlenia wyniesie oko\u0142o 3,6 mln z\u0142.<\/p>\n<p>Z tych informacji mo\u017cna oszacowa\u0107, \u017ce roczny koszt \u015bwiecenie pojedynczej lampy w&nbsp;gminie Wrze\u015bnia wynosi:<\/p>\n<ul>\n<li>840 z\u0142 &ndash; lampa starego typu (gmina ma takich oko\u0142o 2 940),<\/li>\n<li>420 z\u0142 &ndash; lampa energooszcz\u0119dna (1 368 sztuk),<\/li>\n<li>340 z\u0142 &ndash; lampa LED (oko\u0142o 1 700 sztuk).<\/li>\n<\/ul>\n<p>Dodatkowo zapytali\u015bmy Komend\u0119 Powiatow\u0105 Policji we Wrze\u015bni, czy wygaszenie cz\u0119\u015bci o\u015bwietlenia spowodowa\u0142o wzrost przest\u0119pczo\u015bci lub spadek bezpiecze\u0144stwa na drogach i&nbsp;chodnikach. Zgodnie z&nbsp;odpowiedzi\u0105 wygaszenie nie mia\u0142o negatywnych skutk\u00f3w.<\/p>\n","protected":false},"excerpt":{"rendered":"<p>Z zaciekawieniem \u015bledzimy artyku\u0142y &bdquo;Wie\u015bci z&nbsp;Ratusza&rdquo; dotycz\u0105ce o\u015bwietlenia ulic naszej gminy. Jak wiadomo od pewnego czasu wy\u0142\u0105czono spor\u0105 cz\u0119\u015b\u0107 o\u015bwietlenia ulicznego. Jaki by\u0142 tego pow\u00f3d? Oczywi\u015bcie wzrost cen energii elektrycznej. Ratusz informowa\u0142 w&nbsp;wydaniu nr 48 z&nbsp;1 grudnia 2022 roku o&nbsp;podwy\u017cce cen, wskazano, \u017ce w&nbsp;2021 roku p\u0142acili\u015bmy 0,401 z\u0142\/kWh, a&nbsp;w&nbsp;2022 roku cena osi\u0105gn\u0119\u0142a ju\u017c poziom 0,951 [&hellip;]<\/p>\n","protected":false},"author":1,"featured_media":10996,"comment_status":"open","ping_status":"open","sticky":false,"template":"","format":"standard","meta":{"_acf_changed":false,"footnotes":""},"categories":[43],"tags":[],"class_list":["post-996","post","type-post","status-publish","format-standard","has-post-thumbnail","hentry","category-aktualnosci"],"acf":[],"_links":{"self":[{"href":"https:\/\/www.projektwrzesnia.pl\/wordpress\/wp-json\/wp\/v2\/posts\/996","targetHints":{"allow":["GET"]}}],"collection":[{"href":"https:\/\/www.projektwrzesnia.pl\/wordpress\/wp-json\/wp\/v2\/posts"}],"about":[{"href":"https:\/\/www.projektwrzesnia.pl\/wordpress\/wp-json\/wp\/v2\/types\/post"}],"author":[{"embeddable":true,"href":"https:\/\/www.projektwrzesnia.pl\/wordpress\/wp-json\/wp\/v2\/users\/1"}],"replies":[{"embeddable":true,"href":"https:\/\/www.projektwrzesnia.pl\/wordpress\/wp-json\/wp\/v2\/comments?post=996"}],"version-history":[{"count":1,"href":"https:\/\/www.projektwrzesnia.pl\/wordpress\/wp-json\/wp\/v2\/posts\/996\/revisions"}],"predecessor-version":[{"id":10100911,"href":"https:\/\/www.projektwrzesnia.pl\/wordpress\/wp-json\/wp\/v2\/posts\/996\/revisions\/10100911"}],"wp:featuredmedia":[{"embeddable":true,"href":"https:\/\/www.projektwrzesnia.pl\/wordpress\/wp-json\/wp\/v2\/media\/10996"}],"wp:attachment":[{"href":"https:\/\/www.projektwrzesnia.pl\/wordpress\/wp-json\/wp\/v2\/media?parent=996"}],"wp:term":[{"taxonomy":"category","embeddable":true,"href":"https:\/\/www.projektwrzesnia.pl\/wordpress\/wp-json\/wp\/v2\/categories?post=996"},{"taxonomy":"post_tag","embeddable":true,"href":"https:\/\/www.projektwrzesnia.pl\/wordpress\/wp-json\/wp\/v2\/tags?post=996"}],"curies":[{"name":"wp","href":"https:\/\/api.w.org\/{rel}","templated":true}]}}