{"id":997,"date":"2023-02-17T20:00:00","date_gmt":"2023-02-17T20:00:00","guid":{"rendered":"http:\/\/www.projektwrzesnia.pl\/wordpress\/997\/"},"modified":"2023-02-17T20:00:00","modified_gmt":"2023-02-17T20:00:00","slug":"swieze-spojrzenie-na-komunikacje-publiczna","status":"publish","type":"post","link":"https:\/\/www.projektwrzesnia.pl\/wordpress\/997\/","title":{"rendered":"\u015awie\u017ce spojrzenie na komunikacj\u0119 publiczn\u0105"},"content":{"rendered":"<p>Wczoraj przeprowadzili\u015bmy kolejne warsztat dotycz\u0105ce komunikacji publicznej. Tym razem go\u015bcili\u015bmy w&nbsp;so\u0142ectwie Sobiesiernia &ndash; Ostrowo Szlacheckie. By\u0142o to kolejne spotkanie z&nbsp;cyklu &bdquo;Narz\u0119dziownia obywatelska &ndash; czyli jak rozkr\u0119ci\u0107 wrzesi\u0144sk\u0105 wie\u015b&rdquo;, w&nbsp;ramach kt\u00f3rych wsp\u00f3lnie z&nbsp;mieszka\u0144cami szukamy rozwi\u0105za\u0144, dla problem\u00f3w trapi\u0105cych miejscowo\u015bci naszej gminy.<\/p>\n<p>Spotkanie rozpocz\u0119\u0142a Walentyna Tomczak, kt\u00f3ra opowiedzia\u0142a o&nbsp;za\u0142o\u017ceniach ca\u0142ego przedsi\u0119wzi\u0119cia i&nbsp;dotychczas zrealizowanych dzia\u0142aniach. Nast\u0119pnie aktualne dane dotycz\u0105ce komunikacji publicznej w&nbsp;gminie Wrze\u015bnia przedstawi\u0142 Maciej S\u0142owi\u0144ski. Dodatkowo opowiedzia\u0142 o&nbsp;koncepcji rozwoju transportu publicznego, kt\u00f3ry w&nbsp;za\u0142o\u017ceniu obejmowa\u0142by ca\u0142\u0105 gmin\u0119. Jako trzeci wyst\u0105pi\u0142 Damian Staniszewski i&nbsp;przedstawi\u0142 informacje o&nbsp;funkcjonowaniu komunikacji publicznej w&nbsp;\u015arodzie Wielkopolskiej i&nbsp;Gnie\u017anie.<\/p>\n<p>Ostatnie wyst\u0105pienie nale\u017ca\u0142o do dr in\u017c. Przemys\u0142awa Boreckiego z&nbsp;Akademii Kaliskiej. Wyg\u0142osi\u0142 on wyk\u0142ad pod tytu\u0142em &bdquo;Wod\u00f3r i&nbsp;jego wykorzystanie w&nbsp;r\u00f3\u017cnych dziedzinach transportu &ndash; stan obecny i&nbsp;tendencje rozwojowe&rdquo;. Jak si\u0119 okazuje wod\u00f3r znajduje coraz szersze zastosowanie w&nbsp;transporcie, energetyce i&nbsp;przemy\u015ble. Kolejne przedsi\u0119biorstwa i&nbsp;samorz\u0105dy wprowadzaj\u0105 rozwi\u0105zania oparte na wodorze, kt\u00f3re charakteryzuj\u0105 si\u0119 znikomym negatywnym oddzia\u0142ywaniem na \u015brodowisko. Co ciekawe, w&nbsp;Koninie kursuje zasilany w&nbsp;ten spos\u00f3b autobus komunikacji publicznej. Poza tym in\u017cynierowie z&nbsp;czo\u0142owych \u015bwiatowych firm ca\u0142y czas pracuj\u0105 nad ulepszeniem tej technologii. Warto przyjrze\u0107 si\u0119 temu tematowi, tym bardziej, \u017ce Polska jest obecnie trzecim najwi\u0119kszym w&nbsp;Europie i&nbsp;pi\u0105tym na \u015bwiecie producentem wodoru.<\/p>\n<p>Po wyst\u0105pieniach przyszed\u0142 czas na pytania i&nbsp;dyskusj\u0119. Pojawi\u0142o si\u0119 wiele pyta\u0144 w&nbsp;sprawie wodoru, jego wad i&nbsp;zalet. Mieszka\u0144cy zwr\u00f3cili r\u00f3wnie\u017c uwag\u0119 na potrzeb\u0119 rozwoju transportu publicznego w&nbsp;ich miejscowo\u015bciach. Pojawi\u0142y si\u0119 g\u0142osy o&nbsp;mo\u017cliwo\u015bci wprowadzenia us\u0142ugi tzw. &bdquo;transportu na \u017c\u0105danie&rdquo; oraz rozszerzenia godzin dzia\u0142ania us\u0142ugi dost\u0119pnej w&nbsp;gminie Wrze\u015bnia pod nazw\u0105 &bdquo;door-to-door&rdquo;.<\/p>\n<p>W trakcie spotkania mieszka\u0144cy wype\u0142nili r\u00f3wnie\u017c ankiet\u0119 na temat potrzeb komunikacyjnych w&nbsp;ich okolicy. Wi\u0119kszo\u015b\u0107 os\u00f3b oceni\u0142a, \u017ce na tym polu w&nbsp;naszej gminie jest wiele do poprawy.<\/p>\n<p>Serdecznie dzi\u0119kujemy so\u0142tys El\u017cbiecie Przybylskiej-\u017bywanowskiej za serdeczne przyj\u0119cie i&nbsp;wszystkim mieszka\u0144com za ciekawe rozmowy na temat korzy\u015bci transportu publicznego.<\/p>\n<p>Projekt &bdquo;Narz\u0119dziownia obywatelska &ndash; czyli jak rozkr\u0119ci\u0107 wrzesi\u0144sk\u0105 wie\u015b&rdquo; realizujemy przy wsparciu z&nbsp;dotacji programu Aktywni Obywatele &ndash; Fundusz Krajowy, finansowanego z&nbsp;Funduszy EOG.<\/p>\n<figure class=\"is-layout-flex wp-block-gallery-1 wp-block-gallery has-nested-images columns-default is-cropped\">\n<figure class=\"wp-block-image\"><img decoding=\"async\" src=\"https:\/\/www.projektwrzesnia.pl\/wordpress\/wp-content\/uploads\/2023\/03\/20230217_sobiesiernie__11_.jpg\" alt=\"\" class=\"wp-image-109970\"\/><\/figure>\n<figure class=\"wp-block-image\"><img loading=\"lazy\" decoding=\"async\" width=\"960\" height=\"720\" src=\"https:\/\/www.projektwrzesnia.pl\/wordpress\/wp-content\/uploads\/2023\/03\/20230217_sobiesiernie__12_.jpg\" alt=\"\" class=\"wp-image-109971\" srcset=\"https:\/\/www.projektwrzesnia.pl\/wordpress\/wp-content\/uploads\/2023\/03\/20230217_sobiesiernie__12_.jpg 960w, https:\/\/www.projektwrzesnia.pl\/wordpress\/wp-content\/uploads\/2023\/03\/20230217_sobiesiernie__12_-300x225.jpg 300w, https:\/\/www.projektwrzesnia.pl\/wordpress\/wp-content\/uploads\/2023\/03\/20230217_sobiesiernie__12_-768x576.jpg 768w\" sizes=\"auto, (max-width: 960px) 100vw, 960px\" \/><\/figure>\n<figure class=\"wp-block-image\"><img loading=\"lazy\" decoding=\"async\" width=\"960\" height=\"720\" src=\"https:\/\/www.projektwrzesnia.pl\/wordpress\/wp-content\/uploads\/2023\/03\/20230217_sobiesiernie__13_.jpg\" alt=\"\" class=\"wp-image-109972\" srcset=\"https:\/\/www.projektwrzesnia.pl\/wordpress\/wp-content\/uploads\/2023\/03\/20230217_sobiesiernie__13_.jpg 960w, https:\/\/www.projektwrzesnia.pl\/wordpress\/wp-content\/uploads\/2023\/03\/20230217_sobiesiernie__13_-300x225.jpg 300w, https:\/\/www.projektwrzesnia.pl\/wordpress\/wp-content\/uploads\/2023\/03\/20230217_sobiesiernie__13_-768x576.jpg 768w\" sizes=\"auto, (max-width: 960px) 100vw, 960px\" \/><\/figure>\n<figure class=\"wp-block-image\"><img loading=\"lazy\" decoding=\"async\" width=\"960\" height=\"720\" src=\"https:\/\/www.projektwrzesnia.pl\/wordpress\/wp-content\/uploads\/2023\/03\/20230217_sobiesiernie__14_.jpg\" alt=\"\" class=\"wp-image-109973\" srcset=\"https:\/\/www.projektwrzesnia.pl\/wordpress\/wp-content\/uploads\/2023\/03\/20230217_sobiesiernie__14_.jpg 960w, https:\/\/www.projektwrzesnia.pl\/wordpress\/wp-content\/uploads\/2023\/03\/20230217_sobiesiernie__14_-300x225.jpg 300w, https:\/\/www.projektwrzesnia.pl\/wordpress\/wp-content\/uploads\/2023\/03\/20230217_sobiesiernie__14_-768x576.jpg 768w\" sizes=\"auto, (max-width: 960px) 100vw, 960px\" \/><\/figure>\n<figure class=\"wp-block-image\"><img loading=\"lazy\" decoding=\"async\" width=\"960\" height=\"720\" src=\"https:\/\/www.projektwrzesnia.pl\/wordpress\/wp-content\/uploads\/2023\/03\/20230217_sobiesiernie__15_.jpg\" alt=\"\" class=\"wp-image-109974\" srcset=\"https:\/\/www.projektwrzesnia.pl\/wordpress\/wp-content\/uploads\/2023\/03\/20230217_sobiesiernie__15_.jpg 960w, https:\/\/www.projektwrzesnia.pl\/wordpress\/wp-content\/uploads\/2023\/03\/20230217_sobiesiernie__15_-300x225.jpg 300w, https:\/\/www.projektwrzesnia.pl\/wordpress\/wp-content\/uploads\/2023\/03\/20230217_sobiesiernie__15_-768x576.jpg 768w\" sizes=\"auto, (max-width: 960px) 100vw, 960px\" \/><\/figure>\n<figure class=\"wp-block-image\"><img loading=\"lazy\" decoding=\"async\" width=\"960\" height=\"720\" src=\"https:\/\/www.projektwrzesnia.pl\/wordpress\/wp-content\/uploads\/2023\/03\/20230217_sobiesiernie__16_.jpg\" alt=\"\" class=\"wp-image-109975\" srcset=\"https:\/\/www.projektwrzesnia.pl\/wordpress\/wp-content\/uploads\/2023\/03\/20230217_sobiesiernie__16_.jpg 960w, https:\/\/www.projektwrzesnia.pl\/wordpress\/wp-content\/uploads\/2023\/03\/20230217_sobiesiernie__16_-300x225.jpg 300w, https:\/\/www.projektwrzesnia.pl\/wordpress\/wp-content\/uploads\/2023\/03\/20230217_sobiesiernie__16_-768x576.jpg 768w\" sizes=\"auto, (max-width: 960px) 100vw, 960px\" \/><\/figure>\n<figure class=\"wp-block-image\"><img loading=\"lazy\" decoding=\"async\" width=\"960\" height=\"640\" src=\"https:\/\/www.projektwrzesnia.pl\/wordpress\/wp-content\/uploads\/2023\/03\/20230217_sobiesiernie__17_.jpg\" alt=\"\" class=\"wp-image-109976\" srcset=\"https:\/\/www.projektwrzesnia.pl\/wordpress\/wp-content\/uploads\/2023\/03\/20230217_sobiesiernie__17_.jpg 960w, https:\/\/www.projektwrzesnia.pl\/wordpress\/wp-content\/uploads\/2023\/03\/20230217_sobiesiernie__17_-300x200.jpg 300w, https:\/\/www.projektwrzesnia.pl\/wordpress\/wp-content\/uploads\/2023\/03\/20230217_sobiesiernie__17_-768x512.jpg 768w\" sizes=\"auto, (max-width: 960px) 100vw, 960px\" \/><\/figure>\n<figure class=\"wp-block-image\"><img loading=\"lazy\" decoding=\"async\" width=\"960\" height=\"720\" src=\"https:\/\/www.projektwrzesnia.pl\/wordpress\/wp-content\/uploads\/2023\/03\/20230217_sobiesiernie__18_.jpg\" alt=\"\" class=\"wp-image-109977\" srcset=\"https:\/\/www.projektwrzesnia.pl\/wordpress\/wp-content\/uploads\/2023\/03\/20230217_sobiesiernie__18_.jpg 960w, https:\/\/www.projektwrzesnia.pl\/wordpress\/wp-content\/uploads\/2023\/03\/20230217_sobiesiernie__18_-300x225.jpg 300w, https:\/\/www.projektwrzesnia.pl\/wordpress\/wp-content\/uploads\/2023\/03\/20230217_sobiesiernie__18_-768x576.jpg 768w\" sizes=\"auto, (max-width: 960px) 100vw, 960px\" \/><\/figure>\n<figure class=\"wp-block-image\"><img loading=\"lazy\" decoding=\"async\" width=\"960\" height=\"720\" src=\"https:\/\/www.projektwrzesnia.pl\/wordpress\/wp-content\/uploads\/2023\/03\/20230217_sobiesiernie__19_.jpg\" alt=\"\" class=\"wp-image-109978\" srcset=\"https:\/\/www.projektwrzesnia.pl\/wordpress\/wp-content\/uploads\/2023\/03\/20230217_sobiesiernie__19_.jpg 960w, https:\/\/www.projektwrzesnia.pl\/wordpress\/wp-content\/uploads\/2023\/03\/20230217_sobiesiernie__19_-300x225.jpg 300w, https:\/\/www.projektwrzesnia.pl\/wordpress\/wp-content\/uploads\/2023\/03\/20230217_sobiesiernie__19_-768x576.jpg 768w\" sizes=\"auto, (max-width: 960px) 100vw, 960px\" \/><\/figure>\n<figure class=\"wp-block-image\"><img loading=\"lazy\" decoding=\"async\" width=\"960\" height=\"640\" src=\"https:\/\/www.projektwrzesnia.pl\/wordpress\/wp-content\/uploads\/2023\/03\/20230217_sobiesiernie__20_.jpg\" alt=\"\" class=\"wp-image-109979\" srcset=\"https:\/\/www.projektwrzesnia.pl\/wordpress\/wp-content\/uploads\/2023\/03\/20230217_sobiesiernie__20_.jpg 960w, https:\/\/www.projektwrzesnia.pl\/wordpress\/wp-content\/uploads\/2023\/03\/20230217_sobiesiernie__20_-300x200.jpg 300w, https:\/\/www.projektwrzesnia.pl\/wordpress\/wp-content\/uploads\/2023\/03\/20230217_sobiesiernie__20_-768x512.jpg 768w\" sizes=\"auto, (max-width: 960px) 100vw, 960px\" \/><\/figure>\n<figure class=\"wp-block-image\"><img loading=\"lazy\" decoding=\"async\" width=\"960\" height=\"720\" src=\"https:\/\/www.projektwrzesnia.pl\/wordpress\/wp-content\/uploads\/2023\/03\/20230217_sobiesiernie__21_.jpg\" alt=\"\" class=\"wp-image-1099710\" srcset=\"https:\/\/www.projektwrzesnia.pl\/wordpress\/wp-content\/uploads\/2023\/03\/20230217_sobiesiernie__21_.jpg 960w, https:\/\/www.projektwrzesnia.pl\/wordpress\/wp-content\/uploads\/2023\/03\/20230217_sobiesiernie__21_-300x225.jpg 300w, https:\/\/www.projektwrzesnia.pl\/wordpress\/wp-content\/uploads\/2023\/03\/20230217_sobiesiernie__21_-768x576.jpg 768w\" sizes=\"auto, (max-width: 960px) 100vw, 960px\" \/><\/figure>\n<figure class=\"wp-block-image\"><img loading=\"lazy\" decoding=\"async\" width=\"960\" height=\"640\" src=\"https:\/\/www.projektwrzesnia.pl\/wordpress\/wp-content\/uploads\/2023\/03\/20230217_sobiesiernie__22_.jpg\" alt=\"\" class=\"wp-image-1099711\" srcset=\"https:\/\/www.projektwrzesnia.pl\/wordpress\/wp-content\/uploads\/2023\/03\/20230217_sobiesiernie__22_.jpg 960w, https:\/\/www.projektwrzesnia.pl\/wordpress\/wp-content\/uploads\/2023\/03\/20230217_sobiesiernie__22_-300x200.jpg 300w, https:\/\/www.projektwrzesnia.pl\/wordpress\/wp-content\/uploads\/2023\/03\/20230217_sobiesiernie__22_-768x512.jpg 768w\" sizes=\"auto, (max-width: 960px) 100vw, 960px\" \/><\/figure>\n<figure class=\"wp-block-image\"><img loading=\"lazy\" decoding=\"async\" width=\"960\" height=\"720\" src=\"https:\/\/www.projektwrzesnia.pl\/wordpress\/wp-content\/uploads\/2023\/03\/20230217_sobiesiernie__23_.jpg\" alt=\"\" class=\"wp-image-1099712\" srcset=\"https:\/\/www.projektwrzesnia.pl\/wordpress\/wp-content\/uploads\/2023\/03\/20230217_sobiesiernie__23_.jpg 960w, https:\/\/www.projektwrzesnia.pl\/wordpress\/wp-content\/uploads\/2023\/03\/20230217_sobiesiernie__23_-300x225.jpg 300w, https:\/\/www.projektwrzesnia.pl\/wordpress\/wp-content\/uploads\/2023\/03\/20230217_sobiesiernie__23_-768x576.jpg 768w\" sizes=\"auto, (max-width: 960px) 100vw, 960px\" \/><\/figure>\n<figure class=\"wp-block-image\"><img loading=\"lazy\" decoding=\"async\" width=\"960\" height=\"720\" src=\"https:\/\/www.projektwrzesnia.pl\/wordpress\/wp-content\/uploads\/2023\/03\/20230217_sobiesiernie__24_.jpg\" alt=\"\" class=\"wp-image-1099713\" srcset=\"https:\/\/www.projektwrzesnia.pl\/wordpress\/wp-content\/uploads\/2023\/03\/20230217_sobiesiernie__24_.jpg 960w, https:\/\/www.projektwrzesnia.pl\/wordpress\/wp-content\/uploads\/2023\/03\/20230217_sobiesiernie__24_-300x225.jpg 300w, https:\/\/www.projektwrzesnia.pl\/wordpress\/wp-content\/uploads\/2023\/03\/20230217_sobiesiernie__24_-768x576.jpg 768w\" sizes=\"auto, (max-width: 960px) 100vw, 960px\" \/><\/figure>\n<\/figure>\n","protected":false},"excerpt":{"rendered":"<p>Wczoraj przeprowadzili\u015bmy kolejne warsztat dotycz\u0105ce komunikacji publicznej. Tym razem go\u015bcili\u015bmy w&nbsp;so\u0142ectwie Sobiesiernia &ndash; Ostrowo Szlacheckie. By\u0142o to kolejne spotkanie z&nbsp;cyklu &bdquo;Narz\u0119dziownia obywatelska &ndash; czyli jak rozkr\u0119ci\u0107 wrzesi\u0144sk\u0105 wie\u015b&rdquo;, w&nbsp;ramach kt\u00f3rych wsp\u00f3lnie z&nbsp;mieszka\u0144cami szukamy rozwi\u0105za\u0144, dla problem\u00f3w trapi\u0105cych miejscowo\u015bci naszej gminy. Spotkanie rozpocz\u0119\u0142a Walentyna Tomczak, kt\u00f3ra opowiedzia\u0142a o&nbsp;za\u0142o\u017ceniach ca\u0142ego przedsi\u0119wzi\u0119cia i&nbsp;dotychczas zrealizowanych dzia\u0142aniach. Nast\u0119pnie aktualne dane [&hellip;]<\/p>\n","protected":false},"author":1,"featured_media":10997,"comment_status":"open","ping_status":"open","sticky":false,"template":"","format":"standard","meta":{"_acf_changed":false,"footnotes":""},"categories":[7],"tags":[],"class_list":["post-997","post","type-post","status-publish","format-standard","has-post-thumbnail","hentry","category-7"],"acf":[],"_links":{"self":[{"href":"https:\/\/www.projektwrzesnia.pl\/wordpress\/wp-json\/wp\/v2\/posts\/997","targetHints":{"allow":["GET"]}}],"collection":[{"href":"https:\/\/www.projektwrzesnia.pl\/wordpress\/wp-json\/wp\/v2\/posts"}],"about":[{"href":"https:\/\/www.projektwrzesnia.pl\/wordpress\/wp-json\/wp\/v2\/types\/post"}],"author":[{"embeddable":true,"href":"https:\/\/www.projektwrzesnia.pl\/wordpress\/wp-json\/wp\/v2\/users\/1"}],"replies":[{"embeddable":true,"href":"https:\/\/www.projektwrzesnia.pl\/wordpress\/wp-json\/wp\/v2\/comments?post=997"}],"version-history":[{"count":0,"href":"https:\/\/www.projektwrzesnia.pl\/wordpress\/wp-json\/wp\/v2\/posts\/997\/revisions"}],"wp:featuredmedia":[{"embeddable":true,"href":"https:\/\/www.projektwrzesnia.pl\/wordpress\/wp-json\/wp\/v2\/media\/10997"}],"wp:attachment":[{"href":"https:\/\/www.projektwrzesnia.pl\/wordpress\/wp-json\/wp\/v2\/media?parent=997"}],"wp:term":[{"taxonomy":"category","embeddable":true,"href":"https:\/\/www.projektwrzesnia.pl\/wordpress\/wp-json\/wp\/v2\/categories?post=997"},{"taxonomy":"post_tag","embeddable":true,"href":"https:\/\/www.projektwrzesnia.pl\/wordpress\/wp-json\/wp\/v2\/tags?post=997"}],"curies":[{"name":"wp","href":"https:\/\/api.w.org\/{rel}","templated":true}]}}