{"id":998,"date":"2023-02-20T20:00:00","date_gmt":"2023-02-20T20:00:00","guid":{"rendered":"http:\/\/www.projektwrzesnia.pl\/wordpress\/998\/"},"modified":"2023-02-20T20:00:00","modified_gmt":"2023-02-20T20:00:00","slug":"narzedziownia-obywatelska-w-gozdowie","status":"publish","type":"post","link":"https:\/\/www.projektwrzesnia.pl\/wordpress\/998\/","title":{"rendered":"Narz\u0119dziownia obywatelska w\u00a0Gozdowie"},"content":{"rendered":"<p>Wszyscy wiemy, jakim problemem w&nbsp;naszej okolicy jest brak komunikacji publicznej z&nbsp;prawdziwego zdarzenia. Dojazdy do szk\u00f3\u0142, pracy, lekarza czy urz\u0119du s\u0105 naprawd\u0119 trudne, gdy nie mo\u017cemy liczy\u0107 na w\u0142asny samoch\u00f3d, a&nbsp;do naszej miejscowo\u015bci nie dociera prawie \u017caden autobus.<\/p>\n<p>Warto wiedzie\u0107, jak to zmieni\u0107. W&nbsp;tym celu zapraszamy Pa\u0144stwa na nasze spotkanie, kt\u00f3re rozpocznie si\u0119 o&nbsp;18:30 w&nbsp;sali wiejskiej w&nbsp;Gozdowie. W&nbsp;jego trakcie porozmawiamy w&nbsp;lu\u017anej i&nbsp;przyjemnej atmosferze o&nbsp;tym, jakiej komunikacji publicznej potrzebujemy.<\/p>\n<p>W trakcie naszego spotkania pos\u0142uchamy o&nbsp;r\u00f3\u017cnych pomys\u0142ach na rozwini\u0119cie komunikacji publicznej w&nbsp;naszej gminie oraz o&nbsp;tym, jak do problemu transportu publicznego podchodz\u0105 inne samorz\u0105dy. Dowiemy si\u0119 r\u00f3wnie\u017c o&nbsp;przysz\u0142o\u015bci transportu publicznego opartego na wodorze.<\/p>\n<p>Najlepsze pomys\u0142y wpadaj\u0105 do g\u0142owy, gdy na stole jest co\u015b dobrego do przek\u0105szenia, dlatego przygotowali\u015bmy dla pa\u0144stwa r\u00f3wnie\u017c smaczny pocz\u0119stunek!<\/p>\n<p>Serdecznie zapraszamy!<\/p>\n<p>Projekt &bdquo;Narz\u0119dziownia obywatelska &ndash; czyli jak rozkr\u0119ci\u0107 wrzesi\u0144sk\u0105 wie\u015b&rdquo; jest realizowany przy wsparciu pochodz\u0105cym z&nbsp;Programu Aktywni Obywatele realizowanego z&nbsp;bud\u017cetu Funduszy EOG (Mechanizmu Finansowego Europejskiego Obszaru Gospodarczego).<\/p>\n","protected":false},"excerpt":{"rendered":"<p>Wszyscy wiemy, jakim problemem w&nbsp;naszej okolicy jest brak komunikacji publicznej z&nbsp;prawdziwego zdarzenia. Dojazdy do szk\u00f3\u0142, pracy, lekarza czy urz\u0119du s\u0105 naprawd\u0119 trudne, gdy nie mo\u017cemy liczy\u0107 na w\u0142asny samoch\u00f3d, a&nbsp;do naszej miejscowo\u015bci nie dociera prawie \u017caden autobus. Warto wiedzie\u0107, jak to zmieni\u0107. W&nbsp;tym celu zapraszamy Pa\u0144stwa na nasze spotkanie, kt\u00f3re rozpocznie si\u0119 o&nbsp;18:30 w&nbsp;sali wiejskiej [&hellip;]<\/p>\n","protected":false},"author":1,"featured_media":10998,"comment_status":"open","ping_status":"open","sticky":false,"template":"","format":"standard","meta":{"_acf_changed":false,"footnotes":""},"categories":[7],"tags":[],"class_list":["post-998","post","type-post","status-publish","format-standard","has-post-thumbnail","hentry","category-7"],"acf":[],"_links":{"self":[{"href":"https:\/\/www.projektwrzesnia.pl\/wordpress\/wp-json\/wp\/v2\/posts\/998","targetHints":{"allow":["GET"]}}],"collection":[{"href":"https:\/\/www.projektwrzesnia.pl\/wordpress\/wp-json\/wp\/v2\/posts"}],"about":[{"href":"https:\/\/www.projektwrzesnia.pl\/wordpress\/wp-json\/wp\/v2\/types\/post"}],"author":[{"embeddable":true,"href":"https:\/\/www.projektwrzesnia.pl\/wordpress\/wp-json\/wp\/v2\/users\/1"}],"replies":[{"embeddable":true,"href":"https:\/\/www.projektwrzesnia.pl\/wordpress\/wp-json\/wp\/v2\/comments?post=998"}],"version-history":[{"count":0,"href":"https:\/\/www.projektwrzesnia.pl\/wordpress\/wp-json\/wp\/v2\/posts\/998\/revisions"}],"wp:featuredmedia":[{"embeddable":true,"href":"https:\/\/www.projektwrzesnia.pl\/wordpress\/wp-json\/wp\/v2\/media\/10998"}],"wp:attachment":[{"href":"https:\/\/www.projektwrzesnia.pl\/wordpress\/wp-json\/wp\/v2\/media?parent=998"}],"wp:term":[{"taxonomy":"category","embeddable":true,"href":"https:\/\/www.projektwrzesnia.pl\/wordpress\/wp-json\/wp\/v2\/categories?post=998"},{"taxonomy":"post_tag","embeddable":true,"href":"https:\/\/www.projektwrzesnia.pl\/wordpress\/wp-json\/wp\/v2\/tags?post=998"}],"curies":[{"name":"wp","href":"https:\/\/api.w.org\/{rel}","templated":true}]}}