{"id":999,"date":"2023-02-23T20:00:00","date_gmt":"2023-02-23T20:00:00","guid":{"rendered":"http:\/\/www.projektwrzesnia.pl\/wordpress\/999\/"},"modified":"2023-02-23T20:00:00","modified_gmt":"2023-02-23T20:00:00","slug":"narzedziownia-obywatelska-w-psarach-polskich","status":"publish","type":"post","link":"https:\/\/www.projektwrzesnia.pl\/wordpress\/999\/","title":{"rendered":"Narz\u0119dziownia obywatelska w\u00a0Psarach Polskich"},"content":{"rendered":"<p>Wszystkim nam zale\u017cy na \u017cyciu w&nbsp;ciekawej okolicy. lubimy si\u0119 integrowa\u0107, spotyka\u0107 z&nbsp;s\u0105siadami oraz gdy w&nbsp;naszej miejscowo\u015bci &#8222;co\u015b&#8221; si\u0119 dzieje. Czasem jednak tego &#8222;czego\u015b&#8221; nie mo\u017cemy si\u0119 doczeka\u0107.<\/p>\n<p>Warto wiedzie\u0107, jak to zmieni\u0107. W&nbsp;tym celu zapraszamy pa\u0144stwa na nasze spotkanie, kt\u00f3re rozpocznie si\u0119 o&nbsp;18:30 w&nbsp;sali wiejskiej w&nbsp;Psarach Polskich, w&nbsp;jego trakcie porozmawiamy w&nbsp;lu\u017anej i&nbsp;przyjemnej atmosferze o&nbsp;tym, jak o\u017cywi\u0107 kultur\u0119 w&nbsp;naszej okolicy.<\/p>\n<p>W trakcie nasze spotkanie pos\u0142uchamy o&nbsp;r\u00f3\u017cnych pomys\u0142ach na rozkr\u0119cenie \u017cycia kulturalnego na wsi oraz o&nbsp;przyk\u0142adach dzia\u0142ania na polu kultury w&nbsp;podwrzesi\u0144skich miejscowo\u015bciach.<\/p>\n<p>Najlepsze pomys\u0142y wpadaj\u0105 do g\u0142owy, gdy na stole jest co\u015b dobrego do przek\u0105szenia, dlatego przygotowali\u015bmy dla pa\u0144stwa r\u00f3wnie\u017c smaczny pocz\u0119stunek!<\/p>\n<p>Serdecznie zapraszamy!<\/p>\n<p>Projekt &bdquo;Narz\u0119dziownia obywatelska &ndash; czyli jak rozkr\u0119ci\u0107 wrzesi\u0144sk\u0105 wie\u015b&rdquo; jest realizowany przy wsparciu pochodz\u0105cym z&nbsp;Programu Aktywni Obywatele realizowanego z&nbsp;bud\u017cetu Funduszy EOG (Mechanizmu Finansowego Europejskiego Obszaru Gospodarczego).<\/p>\n<p>&nbsp;<\/p>\n<p>&nbsp;<\/p>\n","protected":false},"excerpt":{"rendered":"<p>Wszystkim nam zale\u017cy na \u017cyciu w&nbsp;ciekawej okolicy. lubimy si\u0119 integrowa\u0107, spotyka\u0107 z&nbsp;s\u0105siadami oraz gdy w&nbsp;naszej miejscowo\u015bci &#8222;co\u015b&#8221; si\u0119 dzieje. Czasem jednak tego &#8222;czego\u015b&#8221; nie mo\u017cemy si\u0119 doczeka\u0107. Warto wiedzie\u0107, jak to zmieni\u0107. W&nbsp;tym celu zapraszamy pa\u0144stwa na nasze spotkanie, kt\u00f3re rozpocznie si\u0119 o&nbsp;18:30 w&nbsp;sali wiejskiej w&nbsp;Psarach Polskich, w&nbsp;jego trakcie porozmawiamy w&nbsp;lu\u017anej i&nbsp;przyjemnej atmosferze o&nbsp;tym, jak [&hellip;]<\/p>\n","protected":false},"author":1,"featured_media":10999,"comment_status":"open","ping_status":"open","sticky":false,"template":"","format":"standard","meta":{"_acf_changed":false,"footnotes":""},"categories":[7],"tags":[],"class_list":["post-999","post","type-post","status-publish","format-standard","has-post-thumbnail","hentry","category-7"],"acf":[],"_links":{"self":[{"href":"https:\/\/www.projektwrzesnia.pl\/wordpress\/wp-json\/wp\/v2\/posts\/999","targetHints":{"allow":["GET"]}}],"collection":[{"href":"https:\/\/www.projektwrzesnia.pl\/wordpress\/wp-json\/wp\/v2\/posts"}],"about":[{"href":"https:\/\/www.projektwrzesnia.pl\/wordpress\/wp-json\/wp\/v2\/types\/post"}],"author":[{"embeddable":true,"href":"https:\/\/www.projektwrzesnia.pl\/wordpress\/wp-json\/wp\/v2\/users\/1"}],"replies":[{"embeddable":true,"href":"https:\/\/www.projektwrzesnia.pl\/wordpress\/wp-json\/wp\/v2\/comments?post=999"}],"version-history":[{"count":0,"href":"https:\/\/www.projektwrzesnia.pl\/wordpress\/wp-json\/wp\/v2\/posts\/999\/revisions"}],"wp:featuredmedia":[{"embeddable":true,"href":"https:\/\/www.projektwrzesnia.pl\/wordpress\/wp-json\/wp\/v2\/media\/10999"}],"wp:attachment":[{"href":"https:\/\/www.projektwrzesnia.pl\/wordpress\/wp-json\/wp\/v2\/media?parent=999"}],"wp:term":[{"taxonomy":"category","embeddable":true,"href":"https:\/\/www.projektwrzesnia.pl\/wordpress\/wp-json\/wp\/v2\/categories?post=999"},{"taxonomy":"post_tag","embeddable":true,"href":"https:\/\/www.projektwrzesnia.pl\/wordpress\/wp-json\/wp\/v2\/tags?post=999"}],"curies":[{"name":"wp","href":"https:\/\/api.w.org\/{rel}","templated":true}]}}